{"id":310300,"date":"2025-08-10T22:24:13","date_gmt":"2025-08-10T22:24:13","guid":{"rendered":"https:\/\/www.europesays.com\/fr\/310300\/"},"modified":"2025-08-10T22:24:13","modified_gmt":"2025-08-10T22:24:13","slug":"mercato-psg-la-nouvelle-recrue-que-personne-na-vu-venir","status":"publish","type":"post","link":"https:\/\/www.europesays.com\/fr\/310300\/","title":{"rendered":"Mercato PSG, la nouvelle recrue que personne n&rsquo;a vu venir"},"content":{"rendered":"<p data-testid=\"article-teaser\">A cinq jours du coup d\u2019envoi de la Ligue 1, le PSG a d\u00e9cid\u00e9 d\u2019activer une piste inattendue pour le mercato estival. <\/p>\n<p>Le Paris Saint-Germain poursuit sa pr\u00e9paration estivale avec la ferme intention de renforcer son effectif avant la reprise. Apr\u00e8s avoir d\u00e9j\u00e0 assur\u00e9 l\u2019arriv\u00e9e d\u2019un gardien et cibl\u00e9 un renfort en d\u00e9fense, la cellule de recrutement semble d\u00e9sormais se tourner vers un profil inattendu. Alors que la concurrence europ\u00e9enne reste \u00e0 l\u2019aff\u00fbt, une piste discr\u00e8te, mais ambitieuse, s\u2019est gliss\u00e9e dans les radars du club de la capitale.<\/p>\n","protected":false},"excerpt":{"rendered":"A cinq jours du coup d\u2019envoi de la Ligue 1, le PSG a d\u00e9cid\u00e9 d\u2019activer une piste inattendue&hellip;\n","protected":false},"author":2,"featured_media":310301,"comment_status":"","ping_status":"","sticky":false,"template":"","format":"standard","meta":{"footnotes":""},"categories":[1888],"tags":[11,45003,1777,674,1011,27,7153,45004,66,45005,12,626,91,25,67,13918,39732,18015,39734],"class_list":{"0":"post-310300","1":"post","2":"type-post","3":"status-publish","4":"format-standard","5":"has-post-thumbnail","7":"category-paris","8":"tag-actualites","9":"tag-arouca","10":"tag-eu","11":"tag-europe","12":"tag-fr","13":"tag-france","14":"tag-juventus","15":"tag-juventus-next-gen","16":"tag-ligue-1","17":"tag-m-hjulmand","18":"tag-news","19":"tag-paris","20":"tag-paris-saint-germain","21":"tag-republique-francaise","22":"tag-serie-a","23":"tag-sporting-cp","24":"tag-super-coupe-de-luefa","25":"tag-tottenham","26":"tag-uefa-super-cup"},"share_on_mastodon":{"url":"https:\/\/pubeurope.com\/@fr\/115006817259662147","error":""},"_links":{"self":[{"href":"https:\/\/www.europesays.com\/fr\/wp-json\/wp\/v2\/posts\/310300","targetHints":{"allow":["GET"]}}],"collection":[{"href":"https:\/\/www.europesays.com\/fr\/wp-json\/wp\/v2\/posts"}],"about":[{"href":"https:\/\/www.europesays.com\/fr\/wp-json\/wp\/v2\/types\/post"}],"author":[{"embeddable":true,"href":"https:\/\/www.europesays.com\/fr\/wp-json\/wp\/v2\/users\/2"}],"replies":[{"embeddable":true,"href":"https:\/\/www.europesays.com\/fr\/wp-json\/wp\/v2\/comments?post=310300"}],"version-history":[{"count":0,"href":"https:\/\/www.europesays.com\/fr\/wp-json\/wp\/v2\/posts\/310300\/revisions"}],"wp:featuredmedia":[{"embeddable":true,"href":"https:\/\/www.europesays.com\/fr\/wp-json\/wp\/v2\/media\/310301"}],"wp:attachment":[{"href":"https:\/\/www.europesays.com\/fr\/wp-json\/wp\/v2\/media?parent=310300"}],"wp:term":[{"taxonomy":"category","embeddable":true,"href":"https:\/\/www.europesays.com\/fr\/wp-json\/wp\/v2\/categories?post=310300"},{"taxonomy":"post_tag","embeddable":true,"href":"https:\/\/www.europesays.com\/fr\/wp-json\/wp\/v2\/tags?post=310300"}],"curies":[{"name":"wp","href":"https:\/\/api.w.org\/{rel}","templated":true}]}}