{"id":310304,"date":"2025-08-10T22:26:10","date_gmt":"2025-08-10T22:26:10","guid":{"rendered":"https:\/\/www.europesays.com\/fr\/310304\/"},"modified":"2025-08-10T22:26:10","modified_gmt":"2025-08-10T22:26:10","slug":"six-morts-dans-des-frappes-en-ukraine-et-deux-raffineries-de-petrole-bombardees-en-russie-2","status":"publish","type":"post","link":"https:\/\/www.europesays.com\/fr\/310304\/","title":{"rendered":"Six morts dans des frappes en Ukraine et deux raffineries de p\u00e9trole bombard\u00e9es en Russie"},"content":{"rendered":"<p>Trois baigneurs ont par ailleurs perdu la vie \u00e0 <a href=\"https:\/\/www.laprovence.com\/article\/edition-marseille\/6752969\/cinquante-ans-que-marseille-est-liee-a-odessa.html\" target=\"_blank\" rel=\"nofollow noopener\">Odessa<\/a>, une ville ukrainienne sur la mer Noire, apr\u00e8s avoir d\u00e9clench\u00e9 l\u2019explosion d\u2019une mine en nageant dans une zone interdite.<\/p>\n<p>L\u2019intensit\u00e9 des combats n\u2019a pas diminu\u00e9 malgr\u00e9 l\u2019annonce d\u2019un sommet vendredi en Alaska entre les pr\u00e9sidents am\u00e9ricain <a href=\"https:\/\/www.laprovence.com\/article\/region\/3269890671394514\/exclusif-lex-numero-3-de-la-nasa-vire-par-donald-trump-je-veux-travailler-a-marseille-declare-kartik-sheth\" target=\"_blank\" rel=\"nofollow noopener\">Donald Trump <\/a>et russe <a href=\"https:\/\/www.laprovence.com\/article\/france-monde\/42648056289153\/cessez-le-feu-de-30-jours-en-ukraine-vladimir-poutine-se-dit-pour-mais-avec-des-nuances\" target=\"_blank\" rel=\"nofollow noopener\">Vladimir Poutine<\/a> pour tenter de mettre fin \u00e0 cette guerre en cours depuis f\u00e9vrier\u00a02022. Une rencontre qui, jusqu\u2019\u00e0 pr\u00e9sent, n\u2019inclut pas leur homologue ukrainien Volodymyr Zelensky.<\/p>\n<p>Drones, obus et bombe planante<\/p>\n<p>\u00ab\u00a0La Russie n\u2019a pas fait un seul pas concret vers la paix, pas un seul pas, sur terre ou dans les airs, qui aurait pu sauver des vies\u00a0\u00bb, s\u2019est insurg\u00e9 dimanche M. <a href=\"https:\/\/www.laprovence.com\/article\/politique\/1495709523932314\/guerre-en-ukraine-zelensky-se-dit-pret-a-un-echange-de-territoires-avec-la-russie\" target=\"_blank\" rel=\"nofollow noopener\">Zelensky <\/a>dans son traditionnel message du soir.<\/p>\n<p>Six personnes ont \u00e9t\u00e9 tu\u00e9es par des drones ou des tirs d\u2019artillerie dans la r\u00e9gion orientale de Donetsk et dans celles m\u00e9ridionales de Zaporijjia et de Kherson, ont d\u00e9plor\u00e9 les autorit\u00e9s locales.<\/p>\n<p>L\u2019arm\u00e9e russe se concentre sur ces parties du territoire ukrainien, o\u00f9 elle a multipli\u00e9 les avanc\u00e9es ces derniers mois face \u00e0 des adversaires moins bien \u00e9quip\u00e9s.<\/p>\n<p>Une bombe planante russe a en outre atteint la gare routi\u00e8re centrale, tr\u00e8s fr\u00e9quent\u00e9e, de <a href=\"https:\/\/www.laprovence.com\/article\/faits-divers-justice\/448159811310214\/tous-les-membres-dune-famille-tues-dans-une-attaque-russe-dans-le-sud-de-lukraine\" target=\"_blank\" rel=\"nofollow noopener\">Zaporijjia <\/a>dans une autre frappe au cours d\u2019apr\u00e8s-midi, faisant 19 bless\u00e9s, selon les m\u00eames sources.<\/p>\n<p>Des images du site, diffus\u00e9es par les autorit\u00e9s, montrent des secouristes \u00e9quip\u00e9s de chiens renifleurs extraire des bless\u00e9s, couverts de taches de sang et de poussi\u00e8re, des d\u00e9combres du b\u00e2timent d\u00e9truit.<\/p>\n<p>Deux raffineries russes touch\u00e9es<\/p>\n<p>Les militaires ukrainiens ont de son c\u00f4t\u00e9 affirm\u00e9 que qu\u2019ils avaient attaqu\u00e9 \u00e0 l\u2019aide de drones une importante raffinerie de p\u00e9trole de la r\u00e9gion de Saratov, dans l\u2019ouest de la Russie.<\/p>\n<p>Son gouverneur, Roman Bussarguine, a juste signal\u00e9 qu'\u00a0\u00bbune des entreprises industrielles avait \u00e9t\u00e9 endommag\u00e9e\u00a0\u00bb, assurant qu\u2019une personne avait \u00e9t\u00e9 tu\u00e9e.<\/p>\n<p>Une autre raffinerie a \u00e9t\u00e9 endommag\u00e9e \u00e0 Oukhta, une localit\u00e9 isol\u00e9e du nord-ouest de la Russie, dans la R\u00e9publique des Komis, \u00e0 environ 2.000 kilom\u00e8tres de la ligne de front, a dit \u00e0 l\u2019AFP une source dans le renseignement ukrainien.<\/p>\n<p>Les autorit\u00e9s locales ont confirm\u00e9 qu\u2019un raid de drones avait eu lieu dans la r\u00e9gion mais n\u2019ont pas mentionn\u00e9 cette raffinerie.<\/p>\n<p><a href=\"https:\/\/www.laprovence.com\/article\/france-monde\/47439404522413\/nouvelle-attaque-dampleur-russe-a-kiev-au-moins-deux-morts\" target=\"_blank\" rel=\"nofollow noopener\">Kiev <\/a>tente d\u2019entraver la capacit\u00e9 de <a href=\"https:\/\/www.laprovence.com\/article\/politique\/7877095064454814\/moscou-masse-50-000-soldats-pres-de-la-region-ukrainienne-de-soumy-en-vue-dune-possible-offensive-alerte-volodymyr-zelensky\" target=\"_blank\" rel=\"nofollow noopener\">Moscou <\/a>\u00e0 financer la guerre en attaquant les installations p\u00e9troli\u00e8res et gazi\u00e8res russes.<\/p>\n<p>Une femme a par ailleurs \u00e9t\u00e9 tu\u00e9e dans la r\u00e9gion russe de Belgorod, frontali\u00e8re de l\u2019Ukraine et souvent la cible de tirs ukrainiens, a d\u00e9plor\u00e9 le gouverneur local.<\/p>\n<p>L\u2019arm\u00e9e ukrainienne a pour sa part affirm\u00e9 avoir repris aux Russes le village de Bezsalivka, dans la r\u00e9gion septentrionale de Soumy.<\/p>\n","protected":false},"excerpt":{"rendered":"Trois baigneurs ont par ailleurs perdu la vie \u00e0 Odessa, une ville ukrainienne sur la mer Noire, apr\u00e8s&hellip;\n","protected":false},"author":2,"featured_media":310305,"comment_status":"","ping_status":"","sticky":false,"template":"","format":"standard","meta":{"footnotes":""},"categories":[1590],"tags":[17,11,1446,154,4070,1777,674,329,2535,5184,12,18847,220],"class_list":{"0":"post-310304","1":"post","2":"type-post","3":"status-publish","4":"format-standard","5":"has-post-thumbnail","7":"category-ukraine","8":"tag-17","9":"tag-actualites","10":"tag-dans","11":"tag-des","12":"tag-deux","13":"tag-eu","14":"tag-europe","15":"tag-france-monde","16":"tag-frappes","17":"tag-morts","18":"tag-news","19":"tag-six","20":"tag-ukraine"},"share_on_mastodon":{"url":"https:\/\/pubeurope.com\/@fr\/115006825349399625","error":""},"_links":{"self":[{"href":"https:\/\/www.europesays.com\/fr\/wp-json\/wp\/v2\/posts\/310304","targetHints":{"allow":["GET"]}}],"collection":[{"href":"https:\/\/www.europesays.com\/fr\/wp-json\/wp\/v2\/posts"}],"about":[{"href":"https:\/\/www.europesays.com\/fr\/wp-json\/wp\/v2\/types\/post"}],"author":[{"embeddable":true,"href":"https:\/\/www.europesays.com\/fr\/wp-json\/wp\/v2\/users\/2"}],"replies":[{"embeddable":true,"href":"https:\/\/www.europesays.com\/fr\/wp-json\/wp\/v2\/comments?post=310304"}],"version-history":[{"count":0,"href":"https:\/\/www.europesays.com\/fr\/wp-json\/wp\/v2\/posts\/310304\/revisions"}],"wp:featuredmedia":[{"embeddable":true,"href":"https:\/\/www.europesays.com\/fr\/wp-json\/wp\/v2\/media\/310305"}],"wp:attachment":[{"href":"https:\/\/www.europesays.com\/fr\/wp-json\/wp\/v2\/media?parent=310304"}],"wp:term":[{"taxonomy":"category","embeddable":true,"href":"https:\/\/www.europesays.com\/fr\/wp-json\/wp\/v2\/categories?post=310304"},{"taxonomy":"post_tag","embeddable":true,"href":"https:\/\/www.europesays.com\/fr\/wp-json\/wp\/v2\/tags?post=310304"}],"curies":[{"name":"wp","href":"https:\/\/api.w.org\/{rel}","templated":true}]}}