{"id":310306,"date":"2025-08-10T22:27:11","date_gmt":"2025-08-10T22:27:11","guid":{"rendered":"https:\/\/www.europesays.com\/fr\/310306\/"},"modified":"2025-08-10T22:27:11","modified_gmt":"2025-08-10T22:27:11","slug":"donald-trump-somme-les-sans-abri-de-partir-loin-de-washington-2","status":"publish","type":"post","link":"https:\/\/www.europesays.com\/fr\/310306\/","title":{"rendered":"Donald Trump somme les sans-abri de partir \u00ab\u00a0loin\u00a0\u00bb de Washington"},"content":{"rendered":"<p class=\"paragraph text_align_left lp-f-body-02\">Une injonction ferme. <a href=\"https:\/\/www.leparisien.fr\/international\/etats-unis\/donald-trump\/\" target=\"_blank\" rel=\"noreferrer nofollow noopener\">Donald Trump<\/a> a exhort\u00e9 dimanche les sans-abri \u00e0 partir \u00ab imm\u00e9diatement \u00bb de Washington, assurant que le gouvernement leur fournirait un h\u00e9bergement mais que celui-ci serait \u00ab loin \u00bb de la capitale am\u00e9ricaine.<\/p>\n<p class=\"paragraph text_align_left lp-f-body-02\">Le pr\u00e9sident am\u00e9ricain doit donner une conf\u00e9rence de presse lundi sur son projet pour rendre la ville \u00ab plus s\u00fbre et plus belle qu\u2019elle ne l\u2019a jamais \u00e9t\u00e9 \u00bb.<\/p>\n<p class=\"paragraph text_align_left lp-f-body-02\">\u00ab Les sans-abri doivent partir, IMM\u00c9DIATEMENT. Nous vous donnerons des endroits o\u00f9 dormir, mais LOIN de la capitale \u00bb, a-t-il \u00e9crit sur sa plate-forme Truth Social, avant de s\u2019adresser aux \u00ab criminels \u00bb.<\/p>\n<p class=\"paragraph text_align_left lp-f-body-02\">\u00ab Vous, vous n\u2019avez pas besoin de partir. Nous allons vous mettre en prison, l\u00e0 o\u00f9 vous devriez vous trouver \u00bb, a lanc\u00e9 le r\u00e9publicain.<\/p>\n<p>Plus de 5 000 sans abris recens\u00e9s \u00e0 Washington<\/p>\n<p class=\"paragraph text_align_left lp-f-body-02\">Selon le rapport annuel du minist\u00e8re du Logement, Washington se classait en 2024 au 15e rang des grandes villes am\u00e9ricaines comptant le plus de sans-abri, avec plus de 5 600 personnes recens\u00e9es.<\/p>\n<p class=\"paragraph text_align_left lp-f-body-02\">Depuis son retour \u00e0 la Maison Blanche, Donald Trump a menac\u00e9 \u00e0 plusieurs reprises <a href=\"https:\/\/www.leparisien.fr\/international\/etats-unis\/la-maire-ne-fait-pas-laffaire-pourquoi-trump-veut-placer-washington-sous-autorite-federale-20-02-2025-XUTAXOQYTNDD7LOAX5JQKRQKDM.php\" target=\"_blank\" rel=\"noreferrer nofollow noopener\">de replacer Washington sous le contr\u00f4le des autorit\u00e9s f\u00e9d\u00e9rales<\/a>.<\/p>\n<p class=\"paragraph text_align_left lp-f-body-02\">La ville poss\u00e8de en effet un statut particulier aux \u00c9tats-Unis. \u00c9tablie apr\u00e8s la guerre d\u2019Ind\u00e9pendance pour servir de capitale, elle n\u2019est rattach\u00e9e \u00e0 aucun \u00c9tat am\u00e9ricain, et la Constitution pr\u00e9voit que le Congr\u00e8s ait comp\u00e9tence sur ses affaires. Depuis une loi de 1973, les habitants peuvent cependant \u00e9lire un conseil municipal, m\u00eame si ses d\u00e9cisions sont toujours contr\u00f4l\u00e9es par le Congr\u00e8s.<\/p>\n<p>\u00ab Trop de graffitis, trop de tentes \u00bb<\/p>\n<p class=\"paragraph text_align_left lp-f-body-02\">Fin f\u00e9vrier, le milliardaire r\u00e9publicain avait assur\u00e9 qu\u2019il soutenait un projet l\u00e9gislatif visant \u00e0 revenir sur cette loi, notamment pour am\u00e9liorer la lutte contre la criminalit\u00e9.<\/p>\n<p class=\"paragraph text_align_left lp-f-body-02\">\u00ab Il y a trop de crimes, de graffitis, trop de tentes (de sans-abri) sur les pelouses, ces magnifiques pelouses \u00bb, avait-il alors d\u00e9clar\u00e9 \u00e0 la presse, en insistant sur l\u2019importance de l\u2019apparence de la capitale am\u00e9ricaine o\u00f9 viennent r\u00e9guli\u00e8rement de hauts dignitaires \u00e9trangers.<\/p>\n<p class=\"paragraph text_align_left lp-f-body-02\">Et fin mars, il avait sign\u00e9 un d\u00e9cret pour accro\u00eetre la supervision de son gouvernement sur la municipalit\u00e9, notamment en mati\u00e8re de <a href=\"https:\/\/www.leparisien.fr\/international\/etats-unis\/defendez-votre-patrie-primes-reseaux-sociaux-comment-la-police-anti-immigration-americaine-recrute-de-nouveaux-agents-08-08-2025-6AREOFI7XZCQVFYU33XMOUDV7I.php\" target=\"_blank\" rel=\"noreferrer nofollow noopener\">lutte contre l\u2019immigration clandestine<\/a>.<\/p>\n<p class=\"paragraph text_align_left lp-f-body-02\">Washington vote historiquement d\u00e9mocrate, et la rivale de Donald Trump lors de l\u2019\u00e9lection de novembre, Kamala Harris, y avait r\u00e9colt\u00e9 plus de 90 % des voix.<\/p>\n<p>La maire de Washington conteste<\/p>\n<p class=\"paragraph text_align_left lp-f-body-02\">La maire de Washington, Muriel Bowser, a adopt\u00e9 une strat\u00e9gie de conciliation avec Donald Trump. L\u2019\u00e9dile d\u00e9mocrate a notamment d\u00e9cid\u00e9 en mars <a href=\"https:\/\/www.leparisien.fr\/international\/etats-unis\/une-fresque-antiraciste-du-mouvement-black-lives-matter-effacee-a-washington-11-03-2025-7P6PMIFWFVC2NIXPU7GHFAKESU.php\" target=\"_self\" rel=\"nofollow noopener\">d\u2019effacer une fresque peinte en 2020 aux couleurs du mouvement antiraciste \u00ab Black Lives Matter \u00bb<\/a>, et qui se trouvait dans le viseur des r\u00e9publicains depuis.<\/p>\n<p class=\"paragraph text_align_left lp-f-body-02\">Interview\u00e9e sur la cha\u00eene <a href=\"https:\/\/www.npr.org\/2025\/08\/10\/g-s1-81933\/d-c-mayor-defends-capitals-crime-rates-after-trump-threatens-to-take-over-police\" target=\"_blank\" rel=\"noreferrer nofollow noopener\">MSNBC<\/a>, avant les d\u00e9clarations de Donald Trump, la maire a affirm\u00e9 dimanche que la conf\u00e9rence de presse du pr\u00e9sident le lendemain porterait probablement sur \u00ab un afflux des forces de l\u2019ordre f\u00e9d\u00e9rales \u00bb dans la ville.<\/p>\n<p class=\"paragraph text_align_left lp-f-body-02\">Muriel Bowser a \u00e9galement d\u00e9menti une hausse de la criminalit\u00e9 \u00e0 Washington, soulignant que les statistiques montraient \u00ab des tendances dans la bonne direction pour chaque cat\u00e9gorie. \u00bb<\/p>\n<p class=\"paragraph text_align_left lp-f-body-02\">Le minist\u00e8re de la Justice avait annonc\u00e9 d\u00e9but janvier que les faits de criminalit\u00e9 violente \u00e0 Washington avaient atteint en 2024 leur niveau le plus bas en plus de 30 ans.<\/p>\n<p class=\"paragraph text_align_left lp-f-body-02\">\u00ab Toute comparaison avec un pays ravag\u00e9 par la guerre est exag\u00e9r\u00e9e et erron\u00e9e \u00bb, a-t-elle ajout\u00e9, r\u00e9pondant \u00e0 Stephen Miller, proche conseiller de Donald Trump \u00e0 la Maison Blanche, qui avait affirm\u00e9 jeudi que Washington \u00e9tait \u00ab plus violente que Bagdad \u00bb.<\/p>\n","protected":false},"excerpt":{"rendered":"Une injonction ferme. Donald Trump a exhort\u00e9 dimanche les sans-abri \u00e0 partir \u00ab imm\u00e9diatement \u00bb de Washington, assurant&hellip;\n","protected":false},"author":2,"featured_media":310307,"comment_status":"","ping_status":"","sticky":false,"template":"","format":"standard","meta":{"footnotes":""},"categories":[1589],"tags":[11,73,1866,14,12,1864,1865,1863,308],"class_list":{"0":"post-310306","1":"post","2":"type-post","3":"status-publish","4":"format-standard","5":"has-post-thumbnail","7":"category-etats-unis","8":"tag-actualites","9":"tag-etats-unis","10":"tag-etats-unis-damerique","11":"tag-international","12":"tag-news","13":"tag-united-states","14":"tag-united-states-of-america","15":"tag-us","16":"tag-usa"},"share_on_mastodon":{"url":"https:\/\/pubeurope.com\/@fr\/115006828992466273","error":""},"_links":{"self":[{"href":"https:\/\/www.europesays.com\/fr\/wp-json\/wp\/v2\/posts\/310306","targetHints":{"allow":["GET"]}}],"collection":[{"href":"https:\/\/www.europesays.com\/fr\/wp-json\/wp\/v2\/posts"}],"about":[{"href":"https:\/\/www.europesays.com\/fr\/wp-json\/wp\/v2\/types\/post"}],"author":[{"embeddable":true,"href":"https:\/\/www.europesays.com\/fr\/wp-json\/wp\/v2\/users\/2"}],"replies":[{"embeddable":true,"href":"https:\/\/www.europesays.com\/fr\/wp-json\/wp\/v2\/comments?post=310306"}],"version-history":[{"count":0,"href":"https:\/\/www.europesays.com\/fr\/wp-json\/wp\/v2\/posts\/310306\/revisions"}],"wp:featuredmedia":[{"embeddable":true,"href":"https:\/\/www.europesays.com\/fr\/wp-json\/wp\/v2\/media\/310307"}],"wp:attachment":[{"href":"https:\/\/www.europesays.com\/fr\/wp-json\/wp\/v2\/media?parent=310306"}],"wp:term":[{"taxonomy":"category","embeddable":true,"href":"https:\/\/www.europesays.com\/fr\/wp-json\/wp\/v2\/categories?post=310306"},{"taxonomy":"post_tag","embeddable":true,"href":"https:\/\/www.europesays.com\/fr\/wp-json\/wp\/v2\/tags?post=310306"}],"curies":[{"name":"wp","href":"https:\/\/api.w.org\/{rel}","templated":true}]}}