{"id":310308,"date":"2025-08-10T22:28:14","date_gmt":"2025-08-10T22:28:14","guid":{"rendered":"https:\/\/www.europesays.com\/fr\/310308\/"},"modified":"2025-08-10T22:28:14","modified_gmt":"2025-08-10T22:28:14","slug":"lue-et-le-royaume-uni-officialisent-des-accords-dans-les-domaines-de-la-peche-et-de-lenergie","status":"publish","type":"post","link":"https:\/\/www.europesays.com\/fr\/310308\/","title":{"rendered":"L\u2019UE et le Royaume-Uni officialisent des accords dans les domaines de la p\u00eache et de l\u2019\u00e9nergie"},"content":{"rendered":"<p>L\u2019Union europ\u00e9enne et le Royaume-Uni ont accompli les d\u00e9marches n\u00e9cessaires afin de consolider leur coop\u00e9ration dans les domaines de la p\u00eache et de l\u2019\u00e9nergie dans le cadre de leur accord de commerce et de coop\u00e9ration. Les deux parties ont officialis\u00e9 les principaux accords politiques conclus lors du premier sommet UE\u2013Royaume-Uni en mai 2025.<\/p>\n<p>Ces accords apportent une s\u00e9curit\u00e9 juridique, une stabilit\u00e9 et une pr\u00e9visibilit\u00e9 tr\u00e8s attendues pour les parties prenantes des deux c\u00f4t\u00e9s de la Manche. Ils constituent une \u00e9tape importante dans la mise en \u0153uvre de <a href=\"https:\/\/ec.europa.eu\/commission\/presscorner\/detail\/fr\/statement_25_1267\" target=\"_blank\" rel=\"noopener\">l\u2019entente commune<\/a> sur un programme renouvel\u00e9 de coop\u00e9ration UE\u2013Royaume-Uni, telle qu\u2019adopt\u00e9e lors du sommet de mai dernier.<\/p>\n<p>Les accords officialis\u00e9s aujourd\u2019hui comprennent :<\/p>\n<p>\u00b7\u00a0\u00a0\u00a0\u00a0\u00a0\u00a0\u00a0\u00a0 l\u2019accord politique sur la p\u00eache, qui ouvre la voie \u00e0 un acc\u00e8s r\u00e9ciproque complet aux zones de p\u00eache au-del\u00e0 du 30 juin 2026 et jusqu\u2019au 30 juin 2038. Cet <a href=\"https:\/\/eur-lex.europa.eu\/legal-content\/fr\/TXT\/?uri=OJ:L_202501230\" target=\"_blank\" rel=\"noopener\">accord<\/a> est formalis\u00e9 par une d\u00e9cision du conseil de partenariat et une d\u00e9cision du comit\u00e9 sp\u00e9cialis\u00e9 sur la p\u00eache ;<\/p>\n<p>\u00b7\u00a0\u00a0\u00a0\u00a0\u00a0\u00a0\u00a0\u00a0 l\u2019accord politique visant \u00e0 prolonger de mani\u00e8re continue l\u2019application du titre sur l\u2019\u00e9nergie de l\u2019accord de commerce et de coop\u00e9ration. Ce volet est formalis\u00e9 par une <a href=\"https:\/\/eur-lex.europa.eu\/legal-content\/fr\/TXT\/?uri=OJ:L_202501232\" target=\"_blank\" rel=\"noopener\">d\u00e9claration conjointe<\/a> et une <a href=\"https:\/\/eur-lex.europa.eu\/legal-content\/fr\/TXT\/?uri=OJ:L_202501230\" target=\"_blank\" rel=\"noopener\">d\u00e9cision<\/a> du conseil de partenariat. Une premi\u00e8re prolongation du titre sur l\u2019\u00e9nergie est pr\u00e9vue jusqu\u2019au 31 mars 2027, suivie de prolongations annuelles.<\/p>\n<p>La Commission europ\u00e9enne poursuivra le suivi rapide des autres volets du paquet identifi\u00e9s dans l\u2019entente commune, conform\u00e9ment aux proc\u00e9dures pr\u00e9vues par les trait\u00e9s de l\u2019Union.<\/p>\n<p>Vous trouverez plus d\u2019informations sur l\u2019accord en mati\u00e8re de p\u00eache <a href=\"https:\/\/oceans-and-fisheries.ec.europa.eu\/news\/eu-and-uk-formalise-agreement-full-reciprocal-access-waters-until-2038-2025-06-20_en?prefLang=fr\" target=\"_blank\" rel=\"noopener\">en ligne<\/a>.<\/p>\n<p>Des informations compl\u00e9mentaires sur le paquet convenu lors du sommet UE\u2013Royaume-Uni du 19 mai 2025 figurent dans cette <a href=\"https:\/\/ec.europa.eu\/commission\/presscorner\/detail\/fr\/qanda_25_1268\" target=\"_blank\" rel=\"noopener\">fiche questions\/r\u00e9ponses<\/a>.<\/p>\n","protected":false},"excerpt":{"rendered":"L\u2019Union europ\u00e9enne et le Royaume-Uni ont accompli les d\u00e9marches n\u00e9cessaires afin de consolider leur coop\u00e9ration dans les domaines&hellip;\n","protected":false},"author":2,"featured_media":310309,"comment_status":"","ping_status":"","sticky":false,"template":"","format":"standard","meta":{"footnotes":""},"categories":[1588],"tags":[26914,11,1353,1777,674,12,45006,45007,473,1853,1851,1850,1852],"class_list":{"0":"post-310308","1":"post","2":"type-post","3":"status-publish","4":"format-standard","5":"has-post-thumbnail","7":"category-royaume-uni","8":"tag-accord-bilateral","9":"tag-actualites","10":"tag-brexit","11":"tag-eu","12":"tag-europe","13":"tag-news","14":"tag-politique-de-la-peche","15":"tag-politique-energetique","16":"tag-royaume-uni","17":"tag-royaume-uni-de-grande-bretagne-et-dirlande-du-nord","18":"tag-uk","19":"tag-united-kingdom","20":"tag-united-kingdom-of-great-britain-and-northern-ireland"},"share_on_mastodon":{"url":"https:\/\/pubeurope.com\/@fr\/115006832956251355","error":""},"_links":{"self":[{"href":"https:\/\/www.europesays.com\/fr\/wp-json\/wp\/v2\/posts\/310308","targetHints":{"allow":["GET"]}}],"collection":[{"href":"https:\/\/www.europesays.com\/fr\/wp-json\/wp\/v2\/posts"}],"about":[{"href":"https:\/\/www.europesays.com\/fr\/wp-json\/wp\/v2\/types\/post"}],"author":[{"embeddable":true,"href":"https:\/\/www.europesays.com\/fr\/wp-json\/wp\/v2\/users\/2"}],"replies":[{"embeddable":true,"href":"https:\/\/www.europesays.com\/fr\/wp-json\/wp\/v2\/comments?post=310308"}],"version-history":[{"count":0,"href":"https:\/\/www.europesays.com\/fr\/wp-json\/wp\/v2\/posts\/310308\/revisions"}],"wp:featuredmedia":[{"embeddable":true,"href":"https:\/\/www.europesays.com\/fr\/wp-json\/wp\/v2\/media\/310309"}],"wp:attachment":[{"href":"https:\/\/www.europesays.com\/fr\/wp-json\/wp\/v2\/media?parent=310308"}],"wp:term":[{"taxonomy":"category","embeddable":true,"href":"https:\/\/www.europesays.com\/fr\/wp-json\/wp\/v2\/categories?post=310308"},{"taxonomy":"post_tag","embeddable":true,"href":"https:\/\/www.europesays.com\/fr\/wp-json\/wp\/v2\/tags?post=310308"}],"curies":[{"name":"wp","href":"https:\/\/api.w.org\/{rel}","templated":true}]}}