{"id":310310,"date":"2025-08-10T22:29:15","date_gmt":"2025-08-10T22:29:15","guid":{"rendered":"https:\/\/www.europesays.com\/fr\/310310\/"},"modified":"2025-08-10T22:29:15","modified_gmt":"2025-08-10T22:29:15","slug":"collision-spectaculaire-entre-deux-voiliers-au-depart-de-the-ocean-race-en-allemagne","status":"publish","type":"post","link":"https:\/\/www.europesays.com\/fr\/310310\/","title":{"rendered":"Collision spectaculaire entre deux voiliers au d\u00e9part de The Ocean Race en Allemagne"},"content":{"rendered":"<ul class=\"jsx-862013697 ArticleChapo__List\">\n<li class=\"jsx-862013697 ArticleChapo__List_Item flex\">Ce dimanche, la ville de Kiel (Allemagne) accueillait le d\u00e9part de la deuxi\u00e8me \u00e9dition de The Ocean Race, course mettant aux prises plusieurs des voiliers du Vend\u00e9e Globe.<\/li>\n<li class=\"jsx-862013697 ArticleChapo__List_Item flex\">Seulement deux minutes apr\u00e8s le passage de la ligne de d\u00e9part, deux embarcations se sont heurt\u00e9es avec leurs appendices lat\u00e9raux.<\/li>\n<li class=\"jsx-862013697 ArticleChapo__List_Item flex\">Un accident rarissime avec ces bateaux ultra \u00e9quip\u00e9s et hyper technologiques.<\/li>\n<\/ul>\n<p data-module=\"article-paragraph\" class=\"jsx-3046738180 Paragraph\">Ce type d&rsquo;accident est rarissime, tant les embarcations concern\u00e9es sont aujourd&rsquo;hui bourr\u00e9es de technologie. Ce dimanche 10 ao\u00fbt \u00e0 Kiel (Allemagne), une spectaculaire collision entre deux voiliers a \u00e9maill\u00e9 le d\u00e9part de la deuxi\u00e8me \u00e9dition de The Ocean Race Europe, course par \u00e9tapes en \u00e9quipages mettant aux prises plusieurs des voiliers du<a href=\"https:\/\/www.tf1info.fr\/actualite\/vendee-globe-l-incroyable-aventure-humaine-12547\/\" target=\"_blank\" rel=\"noopener\"> Vend\u00e9e Globe<\/a>.\u00a0<\/p>\n<p data-module=\"article-paragraph\" class=\"jsx-3046738180 Paragraph Paragraph__End\">Deux minutes apr\u00e8s le passage de la ligne de d\u00e9part, alors qu&rsquo;ils naviguaient bord \u00e0 bord au pr\u00e8s serr\u00e9 (en remontant le vent), le bateau Holcim-PRB de la N\u00e9erlandaise Rosalin Kuiper et le Mapei de l&rsquo;Italien Ambrogio Beccaria se sont heurt\u00e9s avec leurs appendices lat\u00e9raux.<\/p>\n<p data-module=\"article-paragraph\" class=\"jsx-3046738180 Paragraph Paragraph__End\">Le foil b\u00e2bord de Holcim-PRB a d\u00e9chir\u00e9 la voile d&rsquo;avant et la grand-voile de Mapei, tandis que ce dernier \u00e0 perc\u00e9 la coque de son concurrent possiblement avec son foil ou avec son outrigger (un tube lat\u00e9ral contribuant \u00e0 soutenir le m\u00e2t). Les deux monocoques ont tr\u00e8s vite fait demi-tour pour rentrer au port, o\u00f9 ils devront d\u00e9cider des possibilit\u00e9s de r\u00e9parer et de repartir en course, lors de cette \u00e9tape ou de la suivante.<\/p>\n<p>Une r\u00e9clamation d\u00e9pos\u00e9e par l&rsquo;\u00e9quipe Holcim PRB<\/p>\n<p data-module=\"article-paragraph\" class=\"jsx-3046738180 Paragraph\">Le directeur de la course Phil Lawrence a indiqu\u00e9 qu'\u00a0\u00bbune r\u00e9clamation officielle avait \u00e9t\u00e9 d\u00e9pos\u00e9e par l&rsquo;\u00e9quipe Holcim PRB contre Allagrande MAPEI Racing\u00a0\u00bb et que \u00ab\u00a0cette affaire serait trait\u00e9e par le jury international \u00e0 une date qui reste \u00e0 d\u00e9terminer\u00a0\u00bb. \u00ab\u00a0\u00c0 ce stade, nous comprenons que les deux \u00e9quipes esp\u00e8rent reprendre la course et nous devrions en savoir plus \u00e0 ce sujet lundi\u00a0\u00bb, a-t-il d\u00e9clar\u00e9 dans un communiqu\u00e9 publi\u00e9 sur le site officiel de l&rsquo;\u00e9preuve.\u00a0<\/p>\n<p data-module=\"article-paragraph\" class=\"jsx-3046738180 Paragraph Paragraph__End\">Le skipper d&rsquo;Allagrande MAPEI Racing Ambrogio Beccaria a exprim\u00e9 sa d\u00e9ception. \u00ab\u00a0Mon c\u0153ur est triste. Nous avons travaill\u00e9 si dur pour nous pr\u00e9parer. Je n&rsquo;ai pas de r\u00e9ponse. C&rsquo;est aussi tr\u00e8s triste pour notre concurrent. Nous sommes en train d&rsquo;inspecter le bateau. Nous n&rsquo;abandonnerons certainement pas tant qu&rsquo;il y aura une chance\u00a0\u00bb, a-t-il d\u00e9clar\u00e9.\u00a0<\/p>\n<p><a href=\"https:\/\/www.tf1info.fr\/sport\/video-c-est-un-tres-beau-dernier-arrive-hors-delai-pour-le-vendee-globe-denis-van-weynbergh-ovationne-par-ses-fans-2358188.html\" rel=\"noopener\" class=\"jsx-3308031228 Link flex\" target=\"_blank\"><img decoding=\"async\" src=\"https:\/\/www.europesays.com\/fr\/wp-content\/uploads\/2025\/08\/arrivee-de-denis-van-weynbergh-aux-sables-d-olonne-hors-delais-mais-heureux-le-8-mars-2025-9fe508-1@.jpeg\" alt=\"Sebastien Salom-Gomis \/ AFP\" loading=\"lazy\" importance=\"low\" fetchpriority=\"low\" class=\"\" aria-hidden=\"true\"\/><\/p>\n<p class=\"jsx-3657663356 ReadMoreArticle__Title\">Lire aussi<\/p>\n<p class=\"jsx-3657663356\">\u00ab\u00a0C&rsquo;est un tr\u00e8s beau dernier\u00a0\u00bb : arriv\u00e9 hors d\u00e9lai pour le Vend\u00e9e Globe, Denis Van Weynbergh ovationn\u00e9 par ses fans<\/p>\n<p><\/a><\/p>\n<p data-module=\"article-paragraph\" class=\"jsx-3046738180 Paragraph Paragraph__End\">D\u00e9clinaison de la fameuse Ocean Race, une course par \u00e9tape en \u00e9quipages autour du monde, The Ocean Race Europe est un p\u00e9riple de 4.500 milles (8.300 km) autour du continent, de la Baltique \u00e0 l&rsquo;Adriatique, \u00e0 bord d&rsquo;Imoca, les monocoques du Vend\u00e9e Globe. Au total, sept voiliers, avec des \u00e9quipages mixtes et internationaux, avaient pris le d\u00e9part de cette premi\u00e8re \u00e9tape entre Kiel et Portsmouth, sur la c\u00f4te sud de l&rsquo;Angleterre. Les \u00e9tapes suivantes conduiront les skippers \u00e0 Carthag\u00e8ne, dans le sud-est de l&rsquo;Espagne, Nice et G\u00eanes (Italie) avant l&rsquo;arriv\u00e9e \u00e0 Kotor (Mont\u00e9n\u00e9gro) en septembre.<\/p>\n<p>J.F. avec AFP<\/p>\n","protected":false},"excerpt":{"rendered":"Ce dimanche, la ville de Kiel (Allemagne) accueillait le d\u00e9part de la deuxi\u00e8me \u00e9dition de The Ocean Race,&hellip;\n","protected":false},"author":2,"featured_media":310311,"comment_status":"","ping_status":"","sticky":false,"template":"","format":"standard","meta":{"footnotes":""},"categories":[1587],"tags":[1111,11,672,1921,1804,1805,1803,1777,674,1801,1922,12,1802,23146,133,4712],"class_list":{"0":"post-310310","1":"post","2":"type-post","3":"status-publish","4":"format-standard","5":"has-post-thumbnail","7":"category-allemagne","8":"tag-actu","9":"tag-actualites","10":"tag-allemagne","11":"tag-article-video","12":"tag-bundesrepublik-deutschland","13":"tag-de","14":"tag-deutschland","15":"tag-eu","16":"tag-europe","17":"tag-germany","18":"tag-info","19":"tag-news","20":"tag-republique-federale-dallemagne","21":"tag-vendee-globe","22":"tag-video","23":"tag-video-sports"},"share_on_mastodon":{"url":"https:\/\/pubeurope.com\/@fr\/115006836949309094","error":""},"_links":{"self":[{"href":"https:\/\/www.europesays.com\/fr\/wp-json\/wp\/v2\/posts\/310310","targetHints":{"allow":["GET"]}}],"collection":[{"href":"https:\/\/www.europesays.com\/fr\/wp-json\/wp\/v2\/posts"}],"about":[{"href":"https:\/\/www.europesays.com\/fr\/wp-json\/wp\/v2\/types\/post"}],"author":[{"embeddable":true,"href":"https:\/\/www.europesays.com\/fr\/wp-json\/wp\/v2\/users\/2"}],"replies":[{"embeddable":true,"href":"https:\/\/www.europesays.com\/fr\/wp-json\/wp\/v2\/comments?post=310310"}],"version-history":[{"count":0,"href":"https:\/\/www.europesays.com\/fr\/wp-json\/wp\/v2\/posts\/310310\/revisions"}],"wp:featuredmedia":[{"embeddable":true,"href":"https:\/\/www.europesays.com\/fr\/wp-json\/wp\/v2\/media\/310311"}],"wp:attachment":[{"href":"https:\/\/www.europesays.com\/fr\/wp-json\/wp\/v2\/media?parent=310310"}],"wp:term":[{"taxonomy":"category","embeddable":true,"href":"https:\/\/www.europesays.com\/fr\/wp-json\/wp\/v2\/categories?post=310310"},{"taxonomy":"post_tag","embeddable":true,"href":"https:\/\/www.europesays.com\/fr\/wp-json\/wp\/v2\/tags?post=310310"}],"curies":[{"name":"wp","href":"https:\/\/api.w.org\/{rel}","templated":true}]}}