{"id":310314,"date":"2025-08-10T22:31:28","date_gmt":"2025-08-10T22:31:28","guid":{"rendered":"https:\/\/www.europesays.com\/fr\/310314\/"},"modified":"2025-08-10T22:31:28","modified_gmt":"2025-08-10T22:31:28","slug":"les-vingt-sept-acceptent-le-plan-de-800-milliards-deuros","status":"publish","type":"post","link":"https:\/\/www.europesays.com\/fr\/310314\/","title":{"rendered":"les Vingt-Sept acceptent le plan de 800 milliards d&rsquo;euros"},"content":{"rendered":"<p>Feu vert des Europ\u00e9ens pour le plan\u00a0\u00ab\u00a0r\u00e9armer l&rsquo;Europe\u00a0\u00bb. Ce jeudi, les dirigeants des Vingt-Sept, r\u00e9unis en sommet \u00e0 Bruxelles, ont donn\u00e9 leur feu vert \u00e0 un plan de la Commission europ\u00e9enne pour renforcer leur d\u00e9fense, a annonc\u00e9 une porte-parole de l&rsquo;UE.<\/p>\n<p>Celui-ci vise \u00e0 mobiliser quelque 800 milliards d&rsquo;euros, dont 150 milliards sous forme de pr\u00eats, pour renforcer les capacit\u00e9s de d\u00e9fense du continent. Ces fonds doivent servir en priorit\u00e9 \u00e0 investir dans les domaines o\u00f9 les besoins sont les plus urgents comme la d\u00e9fense anti-a\u00e9rienne, les missiles, les drones et les syst\u00e8mes anti-drones ou encore les syst\u00e8mes d&rsquo;artillerie.<\/p>\n<p>Assouplissement de la r\u00e8gle des 3 %<\/p>\n<p>La pr\u00e9sidente de la Commission europ\u00e9enne a \u00e9galement propos\u00e9 un assouplissement des r\u00e8gles budg\u00e9taires pour favoriser des investissements dans la d\u00e9fense. Et ce, sans souci du respect de la r\u00e8gle qui limite leur d\u00e9ficit public \u00e0 3 % de leur PIB.\u00a0\u00ab\u00a0Cela permettra aux \u00c9tats membres d&rsquo;augmenter de mani\u00e8re significative leurs d\u00e9penses de d\u00e9fense sans d\u00e9clencher la proc\u00e9dure de d\u00e9ficit excessif\u00a0\u00bb, a-t-elle d\u00e9clar\u00e9 depuis Bruxelles.<\/p>\n<p>La Commission entend aussi utiliser des fonds d&rsquo;aide aux r\u00e9gions les plus d\u00e9favoris\u00e9es de l&rsquo;UE, les fonds dits de coh\u00e9sion, pour financer des projets de d\u00e9fense. Le total de ces fonds pour la p\u00e9riode 2021-2027 est de 392 milliards d&rsquo;euros, mais\u00a0Ursula von der Leyen n&rsquo;a pas pr\u00e9cis\u00e9 les montants qui pourraient \u00eatre disponibles pour des investissements dans la d\u00e9fense.<\/p>\n<p>\u00ab Un danger clair et imm\u00e9diat \u00bb<\/p>\n<p>Un plan en r\u00e9ponse au tournant de la guerre en Ukraine apr\u00e8s l&rsquo;annonce de Donald Trump de mettre en pause l&rsquo;aide am\u00e9ricaine \u00e0 Kiev.<\/p>\n<p>\u00ab\u00a0L&rsquo;Europe fait face \u00e0 un danger clair et imm\u00e9diat d&rsquo;une ampleur qu&rsquo;aucun d&rsquo;entre nous n&rsquo;a connue dans sa vie d&rsquo;adulte \u00bb, avait \u00e9crit Ursula von der Leyen dans une lettre adress\u00e9e aux dirigeants des 27, mardi.\u00a0\u00ab\u00a0L&rsquo;avenir d&rsquo;une Ukraine libre et souveraine, d&rsquo;une Europe en s\u00e9curit\u00e9 et prosp\u00e8re, est en jeu\u00a0\u00bb, avait-elle assur\u00e9 dans cette lettre, qui pr\u00e9sente un plan en cinq volets destin\u00e9 \u00e0 renforcer la d\u00e9fense europ\u00e9enne.<\/p>\n<p>Victoire pour Macron<\/p>\n<p>Avec le renforcement spectaculaire de la d\u00e9fense europ\u00e9enne, Emmanuel Macron peut par ailleurs se targuer de voir valid\u00e9es les id\u00e9es qu&rsquo;il pr\u00f4nait de longue date, m\u00eame si les r\u00e9sistances, li\u00e9es \u00e0 la m\u00e9fiance suscit\u00e9e par la France et son pr\u00e9sident, sont loin d&rsquo;\u00eatre toutes dissip\u00e9es. \u00ab Le risque pour nous Fran\u00e7ais, c&rsquo;est d&rsquo;appara\u00eetre comme \u00e9tant un peu chauvins et un peu \u00ab\u00a0on vous l&rsquo;avait bien dit\u00a0\u00bb\u00a0\u00bb, a gliss\u00e9 jeudi le ministre des Arm\u00e9es S\u00e9bastien Lecornu sur la radio France Inter, au moment o\u00f9 se tenait \u00e0 Bruxelles un sommet de l&rsquo;Union europ\u00e9enne pour muscler massivement son effort de d\u00e9fense.<\/p>\n<p>A Bruxelles, de nombreux diplomates europ\u00e9ens s&rsquo;accordent \u00e0 dire que \u00ab Macron avait raison \u00bb, pour reprendre l&rsquo;expression de l&rsquo;un d&rsquo;eux. \u00ab L&rsquo;Histoire lui donne raison sur l&rsquo;autonomie strat\u00e9gique \u00bb, acquiesce S\u00e9bastien Maillard, de l&rsquo;Institut Jacques Delors. Selon lui, le pr\u00e9sident fran\u00e7ais, marqu\u00e9 par la victoire en 2016 de Donald Trump et du Brexit, \u00ab a compris tout de suite qu&rsquo;il devrait faire l&rsquo;Europe dans un monde de brutes \u00bb.<\/p>\n<p>A Paris, on observe des revirements spectaculaires, comme celui de l&rsquo;Allemagne, mais aussi du Danemark, parmi les plus attach\u00e9s \u00e0 l&rsquo;Otan et \u00e0 l&rsquo;alliance avec Washington jusqu&rsquo;ici, et maintenant d\u00e9termin\u00e9 \u00e0 afficher l&rsquo;autonomie de l&rsquo;Europe.<\/p>\n","protected":false},"excerpt":{"rendered":"Feu vert des Europ\u00e9ens pour le plan\u00a0\u00ab\u00a0r\u00e9armer l&rsquo;Europe\u00a0\u00bb. Ce jeudi, les dirigeants des Vingt-Sept, r\u00e9unis en sommet \u00e0&hellip;\n","protected":false},"author":2,"featured_media":310315,"comment_status":"","ping_status":"","sticky":false,"template":"","format":"standard","meta":{"footnotes":""},"categories":[1586],"tags":[17,17387,45010,11,33,1777,674,1779,1011,27,1808,151,12,5355,30480,25,1778,364,45009],"class_list":{"0":"post-310314","1":"post","2":"type-post","3":"status-publish","4":"format-standard","5":"has-post-thumbnail","7":"category-europe","8":"tag-17","9":"tag-17387","10":"tag-acceptent","11":"tag-actualites","12":"tag-economie","13":"tag-eu","14":"tag-europe","15":"tag-european-union","16":"tag-fr","17":"tag-france","18":"tag-leurope","19":"tag-les","20":"tag-news","21":"tag-plan","22":"tag-rearmer","23":"tag-republique-francaise","24":"tag-ue","25":"tag-union-europeenne","26":"tag-vingt-sept"},"share_on_mastodon":{"url":"https:\/\/pubeurope.com\/@fr\/115006844703952874","error":""},"_links":{"self":[{"href":"https:\/\/www.europesays.com\/fr\/wp-json\/wp\/v2\/posts\/310314","targetHints":{"allow":["GET"]}}],"collection":[{"href":"https:\/\/www.europesays.com\/fr\/wp-json\/wp\/v2\/posts"}],"about":[{"href":"https:\/\/www.europesays.com\/fr\/wp-json\/wp\/v2\/types\/post"}],"author":[{"embeddable":true,"href":"https:\/\/www.europesays.com\/fr\/wp-json\/wp\/v2\/users\/2"}],"replies":[{"embeddable":true,"href":"https:\/\/www.europesays.com\/fr\/wp-json\/wp\/v2\/comments?post=310314"}],"version-history":[{"count":0,"href":"https:\/\/www.europesays.com\/fr\/wp-json\/wp\/v2\/posts\/310314\/revisions"}],"wp:featuredmedia":[{"embeddable":true,"href":"https:\/\/www.europesays.com\/fr\/wp-json\/wp\/v2\/media\/310315"}],"wp:attachment":[{"href":"https:\/\/www.europesays.com\/fr\/wp-json\/wp\/v2\/media?parent=310314"}],"wp:term":[{"taxonomy":"category","embeddable":true,"href":"https:\/\/www.europesays.com\/fr\/wp-json\/wp\/v2\/categories?post=310314"},{"taxonomy":"post_tag","embeddable":true,"href":"https:\/\/www.europesays.com\/fr\/wp-json\/wp\/v2\/tags?post=310314"}],"curies":[{"name":"wp","href":"https:\/\/api.w.org\/{rel}","templated":true}]}}