{"id":310320,"date":"2025-08-10T22:34:17","date_gmt":"2025-08-10T22:34:17","guid":{"rendered":"https:\/\/www.europesays.com\/fr\/310320\/"},"modified":"2025-08-10T22:34:17","modified_gmt":"2025-08-10T22:34:17","slug":"johnny-hallyday-la-france-rockn-roll-johnny-hallyday-la-france-rockn-roll","status":"publish","type":"post","link":"https:\/\/www.europesays.com\/fr\/310320\/","title":{"rendered":"Johnny Hallyday, la France Rock&rsquo;n Roll &#8211; Johnny Hallyday, la France Rock&rsquo;n Roll"},"content":{"rendered":"<p id=\"descriptionPanel\" class=\"text-secondary mr-2 line-clamp-2 pr-2.5 overflow-visible\">Dans \u00ab Johnny Hallyday, la France Rock n\u2019roll \u00bb, le l\u00e9gendaire Johnny Hallyday, \u00e0 l\u2019\u00e2ge de 74 ans, se raconte \u00e0 travers les chansons qui ont marqu\u00e9 sa vie et sa carri\u00e8re. Pendant soixante ans de concerts et de succ\u00e8s, il a accompagn\u00e9 et rythm\u00e9 la vie des Fran\u00e7ais. De \u00ab Laisse les filles \u00bb \u00e0 \u00ab Rester vivant \u00bb, Johnny Hallyday est le chanteur aux 100 millions de disques vendus. Mais au-del\u00e0 du grand artiste, il incarne aussi l\u2019\u00e2me de la France\u2026<\/p>\n<p>Afficher la version longue du r\u00e9sum\u00e9<a class=\"shrink-0\" href=\"https:\/\/www.tf1.fr\/le-figaro\/johnny-hallyday-la-france-rockn-roll\" rel=\"nofollow noopener\" target=\"_blank\"><img decoding=\"async\" src=\"https:\/\/www.europesays.com\/fr\/wp-content\/uploads\/2025\/08\/johnny-hallyday-la-france-rockn-roll-1753463011-037f68-878fc2-0@1x.jpg\" width=\"138\" height=\"184\" alt=\"\" loading=\"eager\" fetchpriority=\"auto\" class=\"rounded-3px aspect-[3\/4] h-24 w-auto\" aria-hidden=\"true\"\/><\/a><\/p>\n<p>1h54<\/p>\n<p><img decoding=\"async\" src=\"https:\/\/www.europesays.com\/fr\/wp-content\/uploads\/2025\/05\/lefigaro-logo-editeur-a24114-19ceaf-0@3x.png\" alt=\"Le Figaro\" loading=\"eager\" class=\"h-5 w-14\" fetchpriority=\"auto\"\/>11 ao\u00fbt 2025 \u00e0 00:00<\/p>\n","protected":false},"excerpt":{"rendered":"Dans \u00ab Johnny Hallyday, la France Rock n\u2019roll \u00bb, le l\u00e9gendaire Johnny Hallyday, \u00e0 l\u2019\u00e2ge de 74 ans,&hellip;\n","protected":false},"author":2,"featured_media":310321,"comment_status":"","ping_status":"","sticky":false,"template":"","format":"standard","meta":{"footnotes":""},"categories":[4],"tags":[11,1190,45014,45011,1011,27,1304,45012,45015,45016,45013,45022,45025,45019,45021,45024,45018,12,25,45023,45020,45017],"class_list":{"0":"post-310320","1":"post","2":"type-post","3":"status-publish","4":"format-standard","5":"has-post-thumbnail","7":"category-france","8":"tag-actualites","9":"tag-documentaire","10":"tag-documentaire-johnny-hallyday","11":"tag-documentaire-le-figaro-tv","12":"tag-fr","13":"tag-france","14":"tag-johnny-hallyday","15":"tag-la-france-rockn-roll","16":"tag-la-france-rockn-roll-documentaire","17":"tag-la-france-rockn-roll-documentaire-le-figaro-tv","18":"tag-la-france-rockn-roll-le-figaro-tv","19":"tag-la-france-rockn-roll-le-figaro-tv-streaming","20":"tag-la-france-rockn-roll-le-figaro-tv-streaming-gratuit","21":"tag-la-france-rockn-roll-le-figaro-tv-video","22":"tag-la-france-rockn-roll-streaming","23":"tag-la-france-rockn-roll-streaming-gratuit","24":"tag-la-france-rockn-roll-video","25":"tag-news","26":"tag-republique-francaise","27":"tag-streaming-gratuit-johnny-hallyday","28":"tag-streaming-johnny-hallyday","29":"tag-video-johnny-hallyday"},"share_on_mastodon":{"url":"","error":"Validation failed: Text character limit of 500 exceeded"},"_links":{"self":[{"href":"https:\/\/www.europesays.com\/fr\/wp-json\/wp\/v2\/posts\/310320","targetHints":{"allow":["GET"]}}],"collection":[{"href":"https:\/\/www.europesays.com\/fr\/wp-json\/wp\/v2\/posts"}],"about":[{"href":"https:\/\/www.europesays.com\/fr\/wp-json\/wp\/v2\/types\/post"}],"author":[{"embeddable":true,"href":"https:\/\/www.europesays.com\/fr\/wp-json\/wp\/v2\/users\/2"}],"replies":[{"embeddable":true,"href":"https:\/\/www.europesays.com\/fr\/wp-json\/wp\/v2\/comments?post=310320"}],"version-history":[{"count":0,"href":"https:\/\/www.europesays.com\/fr\/wp-json\/wp\/v2\/posts\/310320\/revisions"}],"wp:featuredmedia":[{"embeddable":true,"href":"https:\/\/www.europesays.com\/fr\/wp-json\/wp\/v2\/media\/310321"}],"wp:attachment":[{"href":"https:\/\/www.europesays.com\/fr\/wp-json\/wp\/v2\/media?parent=310320"}],"wp:term":[{"taxonomy":"category","embeddable":true,"href":"https:\/\/www.europesays.com\/fr\/wp-json\/wp\/v2\/categories?post=310320"},{"taxonomy":"post_tag","embeddable":true,"href":"https:\/\/www.europesays.com\/fr\/wp-json\/wp\/v2\/tags?post=310320"}],"curies":[{"name":"wp","href":"https:\/\/api.w.org\/{rel}","templated":true}]}}