{"id":310324,"date":"2025-08-10T22:36:16","date_gmt":"2025-08-10T22:36:16","guid":{"rendered":"https:\/\/www.europesays.com\/fr\/310324\/"},"modified":"2025-08-10T22:36:16","modified_gmt":"2025-08-10T22:36:16","slug":"championnat-dafrique-de-volleyball-u20-dames-le-senegal-perd-en-demi-finale-contre-le-cameroun","status":"publish","type":"post","link":"https:\/\/www.europesays.com\/fr\/310324\/","title":{"rendered":"Championnat d\u2019Afrique de Volleyball U20 Dames : Le S\u00e9n\u00e9gal perd en demi-finale contre le Cameroun"},"content":{"rendered":"<p class=\"p1\">Les Lioncelles se sont inclin\u00e9es aux portes de la finale de la CAN U20 de Volleyball ce dimanche face \u00e0 l\u2019\u00e9quipe h\u00f4te le Cameroun (3-0). L\u2019aventure s\u2019arr\u00eate donc l\u00e0 pour les jeunes joueuses s\u00e9n\u00e9galaises.<\/p>\n<p class=\"p1\">Comme en phase de groupes, l\u2019\u00e9quipe nationale du S\u00e9n\u00e9gal a perdu sur le m\u00eame score contre le Cameroun (3-0). Mais si la d\u00e9faite en match de poules \u00e9tait surmontable, celle-ci l\u2019est beaucoup moins car c\u2019\u00e9tait en demi-finale du championnat d\u2019Afrique de Volleyball U20 Dames.<\/p>\n<p class=\"p1\">Le Cameroun va donc bel et bien disputer la finale de la CAN de Volleyball chez lui et ce sera face au Kenya qui a \u00e9limin\u00e9 l\u2019\u00c9gypte tenante du titre plus t\u00f4t ce dimanche sur le score de 3 sets \u00e0 0.<\/p>\n<p class=\"p1\">Wiwsport.com<\/p>\n","protected":false},"excerpt":{"rendered":"Les Lioncelles se sont inclin\u00e9es aux portes de la finale de la CAN U20 de Volleyball ce dimanche&hellip;\n","protected":false},"author":2,"featured_media":310325,"comment_status":"","ping_status":"","sticky":false,"template":"","format":"standard","meta":{"footnotes":""},"categories":[1417],"tags":[1011,27,60,1470,1469],"class_list":{"0":"post-310324","1":"post","2":"type-post","3":"status-publish","4":"format-standard","5":"has-post-thumbnail","7":"category-volley","8":"tag-fr","9":"tag-france","10":"tag-sports","11":"tag-volley","12":"tag-volleyball"},"share_on_mastodon":{"url":"","error":""},"_links":{"self":[{"href":"https:\/\/www.europesays.com\/fr\/wp-json\/wp\/v2\/posts\/310324","targetHints":{"allow":["GET"]}}],"collection":[{"href":"https:\/\/www.europesays.com\/fr\/wp-json\/wp\/v2\/posts"}],"about":[{"href":"https:\/\/www.europesays.com\/fr\/wp-json\/wp\/v2\/types\/post"}],"author":[{"embeddable":true,"href":"https:\/\/www.europesays.com\/fr\/wp-json\/wp\/v2\/users\/2"}],"replies":[{"embeddable":true,"href":"https:\/\/www.europesays.com\/fr\/wp-json\/wp\/v2\/comments?post=310324"}],"version-history":[{"count":0,"href":"https:\/\/www.europesays.com\/fr\/wp-json\/wp\/v2\/posts\/310324\/revisions"}],"wp:featuredmedia":[{"embeddable":true,"href":"https:\/\/www.europesays.com\/fr\/wp-json\/wp\/v2\/media\/310325"}],"wp:attachment":[{"href":"https:\/\/www.europesays.com\/fr\/wp-json\/wp\/v2\/media?parent=310324"}],"wp:term":[{"taxonomy":"category","embeddable":true,"href":"https:\/\/www.europesays.com\/fr\/wp-json\/wp\/v2\/categories?post=310324"},{"taxonomy":"post_tag","embeddable":true,"href":"https:\/\/www.europesays.com\/fr\/wp-json\/wp\/v2\/tags?post=310324"}],"curies":[{"name":"wp","href":"https:\/\/api.w.org\/{rel}","templated":true}]}}