{"id":310326,"date":"2025-08-10T22:37:14","date_gmt":"2025-08-10T22:37:14","guid":{"rendered":"https:\/\/www.europesays.com\/fr\/310326\/"},"modified":"2025-08-10T22:37:14","modified_gmt":"2025-08-10T22:37:14","slug":"litalie-se-rassure-avant-daffronter-les-bleues","status":"publish","type":"post","link":"https:\/\/www.europesays.com\/fr\/310326\/","title":{"rendered":"l\u2019Italie se rassure avant d\u2019affronter les Bleues"},"content":{"rendered":"<p>Les Italiennes, qui d\u00e9fieront les Fran\u00e7aises en ouverture de la Coupe du monde, ont domin\u00e9 les Japonaises.<\/p>\n<p class=\"fig-paragraph\">Le 23 ao\u00fbt (21h15, TF1), le XV de France f\u00e9minin entrera en lice lors de la Coupe du monde (22\/08 au 27\/09, en Angleterre) face \u00e0 l\u2019Italie. Et si les Bleues ne sont pas rassur\u00e9es samedi soir \u00e0 Mont-de-Marsan,\u00a0<a href=\"http:\/\/www.lefigaro.fr\/sports\/rugby\/xv-de-france\/rugby-feminin-l-equipe-de-france-ecrasee-par-l-angleterre-avant-la-coupe-du-monde-20250809\" data-fig-type=\"NewsFlash\" data-gtm-custom-categorie=\"navigation\" data-gtm-custom-action=\"crossclick\" data-gtm-custom-label=\"Contextuel\" data-gtm-event=\"customEventSPE\" data-fig-domain=\"LEFIGARO\" target=\"_blank\" rel=\"noopener\">domin\u00e9es par les Anglaises 6 \u00e0 40<\/a>, les Italiennes, qui disputaient elles aussi leur unique match de pr\u00e9paration, ont engrang\u00e9 de la confiance.<\/p>\n<p class=\"fig-paragraph\">Emmen\u00e9 par son arri\u00e8re Francesca Granzotto, d\u00e9sign\u00e9e joueuse de la rencontre, le XV transalpin, 7e au classement World Rugby, s\u2019est impos\u00e9 face aux Japonaises (11e nation mondiale) 33 \u00e0 15 \u00e0 Calvisano.<\/p>\n","protected":false},"excerpt":{"rendered":"Les Italiennes, qui d\u00e9fieront les Fran\u00e7aises en ouverture de la Coupe du monde, ont domin\u00e9 les Japonaises. Le&hellip;\n","protected":false},"author":2,"featured_media":310327,"comment_status":"","ping_status":"","sticky":false,"template":"","format":"standard","meta":{"footnotes":""},"categories":[1416],"tags":[13070,1011,27,479,12042,1468,60],"class_list":{"0":"post-310326","1":"post","2":"type-post","3":"status-publish","4":"format-standard","5":"has-post-thumbnail","7":"category-rugby","8":"tag-coupe-du-monde-de-rugby-feminine","9":"tag-fr","10":"tag-france","11":"tag-rugby","12":"tag-rugby-feminin","13":"tag-rugby-football","14":"tag-sports"},"share_on_mastodon":{"url":"https:\/\/pubeurope.com\/@fr\/115006868317445337","error":""},"_links":{"self":[{"href":"https:\/\/www.europesays.com\/fr\/wp-json\/wp\/v2\/posts\/310326","targetHints":{"allow":["GET"]}}],"collection":[{"href":"https:\/\/www.europesays.com\/fr\/wp-json\/wp\/v2\/posts"}],"about":[{"href":"https:\/\/www.europesays.com\/fr\/wp-json\/wp\/v2\/types\/post"}],"author":[{"embeddable":true,"href":"https:\/\/www.europesays.com\/fr\/wp-json\/wp\/v2\/users\/2"}],"replies":[{"embeddable":true,"href":"https:\/\/www.europesays.com\/fr\/wp-json\/wp\/v2\/comments?post=310326"}],"version-history":[{"count":0,"href":"https:\/\/www.europesays.com\/fr\/wp-json\/wp\/v2\/posts\/310326\/revisions"}],"wp:featuredmedia":[{"embeddable":true,"href":"https:\/\/www.europesays.com\/fr\/wp-json\/wp\/v2\/media\/310327"}],"wp:attachment":[{"href":"https:\/\/www.europesays.com\/fr\/wp-json\/wp\/v2\/media?parent=310326"}],"wp:term":[{"taxonomy":"category","embeddable":true,"href":"https:\/\/www.europesays.com\/fr\/wp-json\/wp\/v2\/categories?post=310326"},{"taxonomy":"post_tag","embeddable":true,"href":"https:\/\/www.europesays.com\/fr\/wp-json\/wp\/v2\/tags?post=310326"}],"curies":[{"name":"wp","href":"https:\/\/api.w.org\/{rel}","templated":true}]}}