{"id":310333,"date":"2025-08-10T22:42:10","date_gmt":"2025-08-10T22:42:10","guid":{"rendered":"https:\/\/www.europesays.com\/fr\/310333\/"},"modified":"2025-08-10T22:42:10","modified_gmt":"2025-08-10T22:42:10","slug":"cyclisme-tour-de-lavenir-serge-pauwels-seixas-et-widar-comme-pogacar-et-vingegaard","status":"publish","type":"post","link":"https:\/\/www.europesays.com\/fr\/310333\/","title":{"rendered":"Cyclisme. Tour de l&rsquo;Avenir &#8211; Serge Pauwels : \u00abSeixas et Widar&#8230; comme Pogacar et Vingegaard\u00bb"},"content":{"rendered":"<p>Le duel est tr\u00e8s attendu par de nombreux fans : le Fran\u00e7ais <strong><a href=\"https:\/\/www.cyclismactu.net\/..\/news-tour-de-avenir-route-du-23-29-aout-tour-de-l-avenir-avec-paul-seixas-88611.html\" target=\"_blank\" rel=\"nofollow noopener\">Paul Seixas<\/a><\/strong> et le Belge <strong>Jarno Widar<\/strong> seront les principales t\u00eates d\u2019affiche du prochain <strong>Tour de l\u2019Avenir <\/strong>(23-29 ao\u00fbt prochain). \u00c0 quelques semaines de l\u2019\u00e9ch\u00e9ance, l\u2019ancien coureur professionnel et d\u00e9sormais manager g\u00e9n\u00e9ral de la s\u00e9lection belge, <strong>Serge Pauwels,<\/strong> s\u2019est confi\u00e9 \u00e0 nos confr\u00e8res de <a href=\"https:\/\/www.directvelo.com\/actualite\/122444\/serge-pauwels-seixas-widar-un-peu-comme-pogacar-vingegaard\" target=\"_blank\" rel=\"nofollow noopener\">DirectV\u00e9lo<\/a> sur les ambitions de la Belgique en ce qui concerne le <strong>Tour de l\u2019Avenir<\/strong>, les <strong>Championnats du Monde au Rwanda<\/strong> et les <strong>Championnats d\u2019Europe en Dr\u00f4me-Ard\u00e8che<\/strong>.<\/p>\n<p>Vid\u00e9o &#8211; Dominique Serieys nous parle de Paul Seixas sur le TDF Lire la suite de l&rsquo;article&#13;<\/p>\n<p>\u00a0<\/p>\n<p>&#13;<br \/>\n<strong>\u00ab\u00a0Paul Seixas, c\u2019est un peu un ph\u00e9nom\u00e8ne&#8230;\u00a0\u00bb<\/strong>&#13;<\/p>\n<p>\u00ab\u00a0Jarno Widar est en super forme maintenant\u00a0\u00bb, d\u00e9bute le s\u00e9lectionneur belge. \u00ab\u00a0Le Tour de l\u2019Avenir lui convient tr\u00e8s bien. C&rsquo;est vraiment son terrain, mais il ne faut pas croire que ce sera facile. Paul Seixas, c\u2019est un peu un ph\u00e9nom\u00e8ne. Faire 8e \u00e0 son premier Dauphin\u00e9 \u00e0 18 ans, c\u2019est fou. S\u2019il affiche le m\u00eame niveau, alors c\u2019est encore un cran au-dessus. Ce sera un beau duel, un peu comme Pogacar contre Vingegaard. On a de l\u2019espoir, bien s\u00fbr\u00a0\u00bb, d\u00e9clare-t-il.<\/p>\n<p>&#13;<\/p>\n<p>\u00ab\u00a0Kamiel Eeman a bien roul\u00e9 \u00e0 la Course de la Paix, avec une 14e place au g\u00e9n\u00e9ral. Aaron Dockx a montr\u00e9 de belles choses, m\u00eame s\u2019il reste un peu irr\u00e9gulier. Jasper Schoofs revient bien aussi. Il a gagn\u00e9 la course de c\u00f4te d&rsquo;Herbeumont. Tim Rex est aussi un bon \u00e9l\u00e9ment. Viktor Soenens a accompli un super d\u00e9but de saison, avec notamment une 8e place au Gran Camino et une 11e \u00e0 la Settimana Coppi e Bartali. Milan Donie est \u00e9galement tr\u00e8s fort, mais il a besoin de libert\u00e9 en course. Il n\u2019est pas toujours \u00e0 l\u2019aise dans un peloton dense.\u00a0\u00bb Le jeune Belge Jarno Widar n\u2019aura pas de coureurs professionnels lors des Championnats du Monde Espoirs au Rwanda : \u00ab\u00a0Du coup, tout le monde l\u2019attend au tournant. Ce ne sera pas plus facile pour autant. Il est tr\u00e8s fort et, s\u2019il a une bonne journ\u00e9e, tout est possible\u00a0\u00bb, \u00e9voque <strong>Serge Pauwels<\/strong>, dans un entretien avec nos confr\u00e8res de DirectV\u00e9lo.<\/p>\n","protected":false},"excerpt":{"rendered":"Le duel est tr\u00e8s attendu par de nombreux fans : le Fran\u00e7ais Paul Seixas et le Belge Jarno&hellip;\n","protected":false},"author":2,"featured_media":310334,"comment_status":"","ping_status":"","sticky":false,"template":"","format":"standard","meta":{"footnotes":""},"categories":[1411],"tags":[1154,207,1011,27,209,60,44150,208],"class_list":{"0":"post-310333","1":"post","2":"type-post","3":"status-publish","4":"format-standard","5":"has-post-thumbnail","7":"category-cyclisme","8":"tag-cycling","9":"tag-cyclisme","10":"tag-fr","11":"tag-france","12":"tag-route","13":"tag-sports","14":"tag-tour-de-l","15":"tag-velo"},"share_on_mastodon":{"url":"https:\/\/pubeurope.com\/@fr\/115006887937370796","error":""},"_links":{"self":[{"href":"https:\/\/www.europesays.com\/fr\/wp-json\/wp\/v2\/posts\/310333","targetHints":{"allow":["GET"]}}],"collection":[{"href":"https:\/\/www.europesays.com\/fr\/wp-json\/wp\/v2\/posts"}],"about":[{"href":"https:\/\/www.europesays.com\/fr\/wp-json\/wp\/v2\/types\/post"}],"author":[{"embeddable":true,"href":"https:\/\/www.europesays.com\/fr\/wp-json\/wp\/v2\/users\/2"}],"replies":[{"embeddable":true,"href":"https:\/\/www.europesays.com\/fr\/wp-json\/wp\/v2\/comments?post=310333"}],"version-history":[{"count":0,"href":"https:\/\/www.europesays.com\/fr\/wp-json\/wp\/v2\/posts\/310333\/revisions"}],"wp:featuredmedia":[{"embeddable":true,"href":"https:\/\/www.europesays.com\/fr\/wp-json\/wp\/v2\/media\/310334"}],"wp:attachment":[{"href":"https:\/\/www.europesays.com\/fr\/wp-json\/wp\/v2\/media?parent=310333"}],"wp:term":[{"taxonomy":"category","embeddable":true,"href":"https:\/\/www.europesays.com\/fr\/wp-json\/wp\/v2\/categories?post=310333"},{"taxonomy":"post_tag","embeddable":true,"href":"https:\/\/www.europesays.com\/fr\/wp-json\/wp\/v2\/tags?post=310333"}],"curies":[{"name":"wp","href":"https:\/\/api.w.org\/{rel}","templated":true}]}}