{"id":310335,"date":"2025-08-10T22:43:10","date_gmt":"2025-08-10T22:43:10","guid":{"rendered":"https:\/\/www.europesays.com\/fr\/310335\/"},"modified":"2025-08-10T22:43:10","modified_gmt":"2025-08-10T22:43:10","slug":"dembele-absent-de-lentrainement-en-raison-dun-virus","status":"publish","type":"post","link":"https:\/\/www.europesays.com\/fr\/310335\/","title":{"rendered":"Demb\u00e9l\u00e9 absent de l\u2019entra\u00eenement en raison d\u2019un virus &#8211;"},"content":{"rendered":"<p><img width=\"700\" height=\"350\" src=\"https:\/\/www.europesays.com\/fr\/wp-content\/uploads\/2025\/08\/Dembele.jpg\" class=\"attachment-jannah-image-post size-jannah-image-post wp-post-image\" alt=\"Demb\u00e9l\u00e9\" is_main_img=\"1\" decoding=\"async\" fetchpriority=\"high\"  \/><br \/>\n Image : Compte X<br \/>\n@PSG_inside<\/p>\n<p>Le PSG poursuit sa pr\u00e9paration \u00e0 la Supercoupe d\u2019Europe<br \/>\ncontre Tottenham avec un entra\u00eenement ce dimanche. Une s\u00e9ance \u00e0<br \/>\nlaquelle Ousmane Demb\u00e9l\u00e9 n\u2019a pas particip\u00e9.\u00a0<\/p>\n<p>Le <strong>PSG<\/strong> va lancer sa saison 2025-2026 mercredi<br \/>\nsoir (21 heures, Canal Plus) avec la <strong>Supercoupe<br \/>\nd\u2019Europe<\/strong> contre <strong>Tottenham<\/strong> \u00e0<br \/>\n<strong>Udine<\/strong>. Les joueurs parisiens ont repris<br \/>\nl\u2019entra\u00eenement mercredi et se sont entra\u00een\u00e9s chaque jour depuis. Ce<br \/>\ndimanche, les Parisiens se sont de nouveau r\u00e9unis au <strong>Campus<br \/>\nde Poissy<\/strong> afin de pr\u00e9parer la rencontre contre les<br \/>\n<strong>Spurs<\/strong>. Officialis\u00e9 hier, <strong><a href=\"https:\/\/canal-supporters.com\/les-coulisses-des-premiers-pas-de-lucas-chevalier-au-psg\/\" title=\"\" target=\"_blank\" rel=\"noopener\">Lucas Chevalier<\/a><\/strong> a particip\u00e9 \u00e0 son deuxi\u00e8me<br \/>\nentra\u00eenement. Mais un joueur manquait \u00e0 l\u2019appel.<\/p>\n<p>A voir aussi : <a href=\"https:\/\/canal-supporters.com\/vitinha-dembele-cest-lui-qui-merite-de-remporter-le-ballon-dor\/\" title=\"\" target=\"_blank\" rel=\"noopener\">Vitinha : \u00ab\u00a0Demb\u00e9l\u00e9, c\u2019est lui qui m\u00e9rite de<br \/>\nremporter le Ballon d\u2019Or\u00a0\u00bb<\/a><\/p>\n<p><a href=\"https:\/\/x.com\/CanalSupporters\" target=\"_blank\" rel=\"noopener\" title=\"\">canalsupporters.com<\/a><\/p>\n<p>Pas d\u2019inqui\u00e9tude<br \/>\nau sein du PSG<\/p>\n<p>En effet, selon les informations de <a href=\"https:\/\/www.lequipe.fr\/Football\/Actualites\/Ousmane-dembele-psg-touche-par-un-virus\/1584363\" target=\"_blank\" rel=\"noopener\" title=\"\">L\u2019Equipe<\/a>,<br \/>\n<strong>Ousmane Demb\u00e9l\u00e9<\/strong> manquait \u00e0 l\u2019appel. Le num\u00e9ro 10,<br \/>\nvictime d\u2019un syndrome viral, n\u2019\u00e9tait pas pr\u00e9sent au c\u00f4t\u00e9 de ses<br \/>\nco\u00e9quipiers ce dimanche sur les pelouses du centre d\u2019entra\u00eenement<br \/>\ndes Rouge &amp; Bleu. Le quotidien sportif indique que l\u2019international<br \/>\nfran\u00e7ais pourrait de nouveau\u00a0\u00eatre int\u00e9gr\u00e9 \u00e0 l\u2019entra\u00eenement<br \/>\ncollectif en d\u00e9but de semaine. L\u2019Equipe conclut en<br \/>\nexpliquant que la tendance \u00e9tait \u00e0 sa pr\u00e9sence dans le groupe de<br \/>\n<strong>Luis Enrique<\/strong> pour la <strong>Supercoupe<br \/>\nd\u2019Europe<\/strong> contre <strong><a href=\"https:\/\/canal-supporters.com\/supercoupe-tottenham-sincline-lourdement-avant-le-psg\/\" title=\"\" target=\"_blank\" rel=\"noopener\">Tottenham<\/a><\/strong> mercredi soir.\u00a0<\/p><\/p>\n","protected":false},"excerpt":{"rendered":"Image : Compte X @PSG_inside Le PSG poursuit sa pr\u00e9paration \u00e0 la Supercoupe d\u2019Europe contre Tottenham avec un&hellip;\n","protected":false},"author":2,"featured_media":310336,"comment_status":"","ping_status":"","sticky":false,"template":"","format":"standard","meta":{"footnotes":""},"categories":[1410],"tags":[5041,5042,81,5044,5045,12732,6769,30941,63,1011,27,626,91,92,93,45027,39213,45028,60,42411,45029,18015,96,5336],"class_list":{"0":"post-310335","1":"post","2":"type-post","3":"status-publish","4":"format-standard","5":"has-post-thumbnail","7":"category-football","8":"tag-campus-de-poissy","9":"tag-campus-psg","10":"tag-canal-supporters","11":"tag-centre-dentrainement-psg","12":"tag-centre-dentrainement-poissy","13":"tag-dembele","14":"tag-entrainement","15":"tag-entrainement-psg","16":"tag-football","17":"tag-fr","18":"tag-france","19":"tag-paris","20":"tag-paris-saint-germain","21":"tag-paris-sg","22":"tag-psg","23":"tag-psg-tot","24":"tag-psg-tottenham","25":"tag-psgtot","26":"tag-sports","27":"tag-supercoupe-deurope","28":"tag-syndrome-viral","29":"tag-tottenham","30":"tag-une","31":"tag-virus"},"share_on_mastodon":{"url":"https:\/\/pubeurope.com\/@fr\/115006892001855579","error":""},"_links":{"self":[{"href":"https:\/\/www.europesays.com\/fr\/wp-json\/wp\/v2\/posts\/310335","targetHints":{"allow":["GET"]}}],"collection":[{"href":"https:\/\/www.europesays.com\/fr\/wp-json\/wp\/v2\/posts"}],"about":[{"href":"https:\/\/www.europesays.com\/fr\/wp-json\/wp\/v2\/types\/post"}],"author":[{"embeddable":true,"href":"https:\/\/www.europesays.com\/fr\/wp-json\/wp\/v2\/users\/2"}],"replies":[{"embeddable":true,"href":"https:\/\/www.europesays.com\/fr\/wp-json\/wp\/v2\/comments?post=310335"}],"version-history":[{"count":0,"href":"https:\/\/www.europesays.com\/fr\/wp-json\/wp\/v2\/posts\/310335\/revisions"}],"wp:featuredmedia":[{"embeddable":true,"href":"https:\/\/www.europesays.com\/fr\/wp-json\/wp\/v2\/media\/310336"}],"wp:attachment":[{"href":"https:\/\/www.europesays.com\/fr\/wp-json\/wp\/v2\/media?parent=310335"}],"wp:term":[{"taxonomy":"category","embeddable":true,"href":"https:\/\/www.europesays.com\/fr\/wp-json\/wp\/v2\/categories?post=310335"},{"taxonomy":"post_tag","embeddable":true,"href":"https:\/\/www.europesays.com\/fr\/wp-json\/wp\/v2\/tags?post=310335"}],"curies":[{"name":"wp","href":"https:\/\/api.w.org\/{rel}","templated":true}]}}