{"id":310346,"date":"2025-08-10T22:49:18","date_gmt":"2025-08-10T22:49:18","guid":{"rendered":"https:\/\/www.europesays.com\/fr\/310346\/"},"modified":"2025-08-10T22:49:18","modified_gmt":"2025-08-10T22:49:18","slug":"trente-ans-apres-la-franchise-y-a-t-il-un-flic-est-de-retour-avec-liam-neeson-en-tete-daffiche-inattendue-tf1-info","status":"publish","type":"post","link":"https:\/\/www.europesays.com\/fr\/310346\/","title":{"rendered":"Trente ans apr\u00e8s, la franchise &quot;Y a-t-il un flic&#8230;&quot; est de retour, avec Liam Neeson en t\u00eate d&#039;affiche inattendue &#8211; TF1 Info"},"content":{"rendered":"<ol>\n<li><a href=\"https:\/\/news.google.com\/rss\/articles\/CBMi_wFBVV95cUxPcHVTbWVXWEZpS19ULWRrMVpCdDhzNE1RcmlNYldxQmNXeEVGWmR0THFvbEVydGlYSHBRNVBhM0hFV0p3d01GTDU1TmVnOEV3Z0Npb1ZUV09qTUotRUlKRWluZHdIa3F5U1JmejFqRnJiS1huY2I3b2lpWTdiZzhGMVJzc2N5RmJ5dGExYnNDN1pvN29kTmZYUjh5LXoteHhwNG1vVmdaeHZudHhWelp2WW8xdVg1STFXUnY3SDFoVEdZd2dudEEwN1gwUWVmNko0SjFWX2s2bmo3NVhUc3BvcjNhVVdySDByUm5icTZjNHptY0JDX0RfYm0tVC1YZEE?oc=5\" target=\"_blank\" rel=\"nofollow noopener\">Trente ans apr\u00e8s, la franchise \u00ab\u00a0Y a-t-il un flic&#8230;\u00a0\u00bb est de retour, avec Liam Neeson en t\u00eate d&rsquo;affiche inattendue<\/a>&nbsp;&nbsp;TF1 Info<\/li>\n<li><a href=\"https:\/\/news.google.com\/rss\/articles\/CBMiowFBVV95cUxOQ2NfZUJFQkhLY0lkOXNiQVBDNmRpaVY0a3l4ZmU1d3pFM2FUTDhjUFlvd0kxUVhmM0dvV3Y0NzdWNGx1NGY2RUtkYzV3WXh5Qk9uSkVOWGNOWWRmSmkwaDhZdDB6M2tSUXpZMzZhSkhBZS1pdV9OcGdod013bDVIZGZIUE5fSi1EdVJZNG5ZZmFCaG1YRmlvRXRnSnN3Y20yTEhn?oc=5\" target=\"_blank\" rel=\"nofollow noopener\">The Naked Gun: la premi\u00e8re vraiment bonne com\u00e9die de l\u2019\u00e8re woke<\/a>&nbsp;&nbsp;Le Sac de chips<\/li>\n<li><a href=\"https:\/\/news.google.com\/rss\/articles\/CBMif0FVX3lxTFA3TWRTeUx6UE1ZRGRQMlFUamVsbUJYUERkNEwzVjA5aGVtRWphd3lUM0k0VVVMUlFrN3J1VHJLbTlkdjZFSFB1c2RlWm9rbERXU21UUGlBY0phc0swRm8wRkZrZjd2Q01pUmFHRk1LODI1b0xkQTVGdFNhMjZJZXc?oc=5\" target=\"_blank\" rel=\"nofollow noopener\">Critique Y a-t-il un flic pour sauver le monde ? : assassin de la police<\/a>&nbsp;&nbsp;L&rsquo;Info Tout Court<\/li>\n<li><a href=\"https:\/\/news.google.com\/rss\/articles\/CBMigwFBVV95cUxPbnBQaVNVeGdod05FOFRiaWtjb3V1RmVQR24zZUl4blhaRlRkOWgxZmI1QkdPMC02Zlg2el82cVpoOHlxOUJiZlJXMWJ1bzV6X0VRUkN2ZFp4aXdWZHZnSDBINmJXclZXTEs5Y0tZVlhYTEJRRnB2ZmJqNncxUG5TVmZoQQ?oc=5\" target=\"_blank\" rel=\"nofollow noopener\">Cin\u00e9ma \u00ab\u00a0Y a-t-il un flic pour sauver le monde ?\u00a0\u00bb Une com\u00e9die d&rsquo;\u00e9t\u00e9 avec Liam Neeson et Pamela Anderson<\/a>&nbsp;&nbsp;frenchtouch2.fr<\/li>\n<\/ol>\n","protected":false},"excerpt":{"rendered":"Trente ans apr\u00e8s, la franchise \u00ab\u00a0Y a-t-il un flic&#8230;\u00a0\u00bb est de retour, avec Liam Neeson en t\u00eate d&rsquo;affiche&hellip;\n","protected":false},"author":2,"featured_media":1445,"comment_status":"","ping_status":"","sticky":false,"template":"","format":"standard","meta":{"footnotes":""},"categories":[1354],"tags":[58,59,1346,1011,27,1360],"class_list":{"0":"post-310346","1":"post","2":"type-post","3":"status-publish","4":"format-standard","5":"has-post-thumbnail","7":"category-films","8":"tag-divertissement","9":"tag-entertainment","10":"tag-films","11":"tag-fr","12":"tag-france","13":"tag-movies"},"share_on_mastodon":{"url":"https:\/\/pubeurope.com\/@fr\/115006915749764953","error":""},"_links":{"self":[{"href":"https:\/\/www.europesays.com\/fr\/wp-json\/wp\/v2\/posts\/310346","targetHints":{"allow":["GET"]}}],"collection":[{"href":"https:\/\/www.europesays.com\/fr\/wp-json\/wp\/v2\/posts"}],"about":[{"href":"https:\/\/www.europesays.com\/fr\/wp-json\/wp\/v2\/types\/post"}],"author":[{"embeddable":true,"href":"https:\/\/www.europesays.com\/fr\/wp-json\/wp\/v2\/users\/2"}],"replies":[{"embeddable":true,"href":"https:\/\/www.europesays.com\/fr\/wp-json\/wp\/v2\/comments?post=310346"}],"version-history":[{"count":0,"href":"https:\/\/www.europesays.com\/fr\/wp-json\/wp\/v2\/posts\/310346\/revisions"}],"wp:featuredmedia":[{"embeddable":true,"href":"https:\/\/www.europesays.com\/fr\/wp-json\/wp\/v2\/media\/1445"}],"wp:attachment":[{"href":"https:\/\/www.europesays.com\/fr\/wp-json\/wp\/v2\/media?parent=310346"}],"wp:term":[{"taxonomy":"category","embeddable":true,"href":"https:\/\/www.europesays.com\/fr\/wp-json\/wp\/v2\/categories?post=310346"},{"taxonomy":"post_tag","embeddable":true,"href":"https:\/\/www.europesays.com\/fr\/wp-json\/wp\/v2\/tags?post=310346"}],"curies":[{"name":"wp","href":"https:\/\/api.w.org\/{rel}","templated":true}]}}