{"id":310365,"date":"2025-08-10T23:02:12","date_gmt":"2025-08-10T23:02:12","guid":{"rendered":"https:\/\/www.europesays.com\/fr\/310365\/"},"modified":"2025-08-10T23:02:12","modified_gmt":"2025-08-10T23:02:12","slug":"ambiance-festive-et-rues-pietonnes-au-mourillon-pour-le-picnic-day","status":"publish","type":"post","link":"https:\/\/www.europesays.com\/fr\/310365\/","title":{"rendered":"ambiance festive et rues pi\u00e9tonnes au Mourillon pour le \u00ab Picnic Day \u00bb"},"content":{"rendered":"\n<p>Foule des grands jours ce samedi, dans la rue Lamalgue, rendue pi\u00e9tonne au Mourillon pour cette nouvelle \u00e9dition du \u00ab Picnic day \u00bb propos\u00e9e par l\u2019association des commer\u00e7ants du Mourillon avec le soutien de la Ville. Boutiques ouvertes jusqu\u2019\u00e0 tard le soir, tables et chaises de sortie pour casser la cro\u00fbte \u00e0 la fra\u00eeche, et un nombre impressionnant de visiteurs, badauds, touristes et habitants qui d\u00e9ambulent dans le quartier. Jos\u00e9e Massi, la maire (SE) de Toulon a particip\u00e9 \u00e0 l\u2019\u00e9v\u00e9nement accompagn\u00e9e de plusieurs \u00e9lus.<\/p>\n","protected":false},"excerpt":{"rendered":"Foule des grands jours ce samedi, dans la rue Lamalgue, rendue pi\u00e9tonne au Mourillon pour cette nouvelle \u00e9dition&hellip;\n","protected":false},"author":2,"featured_media":310366,"comment_status":"","ping_status":"","sticky":false,"template":"","format":"standard","meta":{"footnotes":""},"categories":[9619],"tags":[1111,11,1777,674,1011,27,45038,12,882,25,2310],"class_list":{"0":"post-310365","1":"post","2":"type-post","3":"status-publish","4":"format-standard","5":"has-post-thumbnail","7":"category-toulon","8":"tag-actu","9":"tag-actualites","10":"tag-eu","11":"tag-europe","12":"tag-fr","13":"tag-france","14":"tag-l-m","15":"tag-news","16":"tag-provence-alpes-cote-dazur","17":"tag-republique-francaise","18":"tag-toulon"},"share_on_mastodon":{"url":"https:\/\/pubeurope.com\/@fr\/115006966567130793","error":""},"_links":{"self":[{"href":"https:\/\/www.europesays.com\/fr\/wp-json\/wp\/v2\/posts\/310365","targetHints":{"allow":["GET"]}}],"collection":[{"href":"https:\/\/www.europesays.com\/fr\/wp-json\/wp\/v2\/posts"}],"about":[{"href":"https:\/\/www.europesays.com\/fr\/wp-json\/wp\/v2\/types\/post"}],"author":[{"embeddable":true,"href":"https:\/\/www.europesays.com\/fr\/wp-json\/wp\/v2\/users\/2"}],"replies":[{"embeddable":true,"href":"https:\/\/www.europesays.com\/fr\/wp-json\/wp\/v2\/comments?post=310365"}],"version-history":[{"count":0,"href":"https:\/\/www.europesays.com\/fr\/wp-json\/wp\/v2\/posts\/310365\/revisions"}],"wp:featuredmedia":[{"embeddable":true,"href":"https:\/\/www.europesays.com\/fr\/wp-json\/wp\/v2\/media\/310366"}],"wp:attachment":[{"href":"https:\/\/www.europesays.com\/fr\/wp-json\/wp\/v2\/media?parent=310365"}],"wp:term":[{"taxonomy":"category","embeddable":true,"href":"https:\/\/www.europesays.com\/fr\/wp-json\/wp\/v2\/categories?post=310365"},{"taxonomy":"post_tag","embeddable":true,"href":"https:\/\/www.europesays.com\/fr\/wp-json\/wp\/v2\/tags?post=310365"}],"curies":[{"name":"wp","href":"https:\/\/api.w.org\/{rel}","templated":true}]}}