{"id":310369,"date":"2025-08-10T23:05:14","date_gmt":"2025-08-10T23:05:14","guid":{"rendered":"https:\/\/www.europesays.com\/fr\/310369\/"},"modified":"2025-08-10T23:05:14","modified_gmt":"2025-08-10T23:05:14","slug":"previsions-du-lundi-11-aout-2025","status":"publish","type":"post","link":"https:\/\/www.europesays.com\/fr\/310369\/","title":{"rendered":"pr\u00e9visions du lundi 11 ao\u00fbt 2025"},"content":{"rendered":"<p>Un splendide soleil va briller sur Montpellier et ce, tout au long de la journ\u00e9e. Les temp\u00e9ratures s&rsquo;\u00e9chelonneront entre 23\u00b0C et 33\u00b0C. La ville va subir, le matin, un passage d&rsquo;importantes chaleurs avec des valeurs qui atteindront parfois les 33\u00b0C. Un vent de nord-est soufflera un peu, avec 8 km\/h. L&rsquo;apr\u00e8s-midi va se trouver tr\u00e8s suffocant : pr\u00e8s de 33\u00b0C. Dans la soir\u00e9e, les temp\u00e9ratures seront de 25\u00b0C. Entre lundi et mardi, la nuit sera claire.<\/p>\n<p>Demain, les Montpelli\u00e9rains vont pouvoir profiter d&rsquo;un soleil magnifique. Une baisse des temp\u00e9ratures est attendue. Les grosses chaleurs sont install\u00e9es. Avec des temp\u00e9ratures \u00e9chelonn\u00e9es entre 22 et 32\u00b0C. Les valeurs afficheront entre 22 et 32\u00b0C. D\u00e8s le matin, les temp\u00e9ratures \u00e9volueront entre 24 et 32\u2009\u00b0C. Une brise de nord soufflera doucement. Demain apr\u00e8s-midi, de tr\u00e8s fortes chaleurs (entre 30\u00b0C et 32\u00b0C) sont pr\u00e9vues. Demain soir, on pr\u00e9voit des valeurs avoisinant 26\u00b0C. Un petit vent de sud-ouest sera ressenti par les habitants.<\/p>\n<p>Les jours suivants s&rsquo;annoncent similaires. Il va faire un temps plut\u00f4t ensoleill\u00e9 avec des temp\u00e9ratures d&rsquo;environ 31\u00b0C.<\/p>\n<p>Pour se prot\u00e9ger des fortes chaleurs, il faut penser \u00e0 boire fr\u00e9quemment et \u00e0 bien manger. Couvrez votre peau avec un t-shirt, une casquette, de l&rsquo;\u00e9cran solaire et ne vous exposez pas au soleil durant les heures les plus chaudes.<\/p>\n","protected":false},"excerpt":{"rendered":"Un splendide soleil va briller sur Montpellier et ce, tout au long de la journ\u00e9e. Les temp\u00e9ratures s&rsquo;\u00e9chelonneront&hellip;\n","protected":false},"author":2,"featured_media":310370,"comment_status":"","ping_status":"","sticky":false,"template":"","format":"standard","meta":{"footnotes":""},"categories":[9599],"tags":[1111,11,1777,674,1011,27,7089,2681,2208,12,2680,2119,25],"class_list":{"0":"post-310369","1":"post","2":"type-post","3":"status-publish","4":"format-standard","5":"has-post-thumbnail","7":"category-montpellier","8":"tag-actu","9":"tag-actualites","10":"tag-eu","11":"tag-europe","12":"tag-fr","13":"tag-france","14":"tag-herault","15":"tag-languedoc-roussillon","16":"tag-montpellier","17":"tag-news","18":"tag-occitanie","19":"tag-previsions-meteo","20":"tag-republique-francaise"},"share_on_mastodon":{"url":"https:\/\/pubeurope.com\/@fr\/115006978294972042","error":""},"_links":{"self":[{"href":"https:\/\/www.europesays.com\/fr\/wp-json\/wp\/v2\/posts\/310369","targetHints":{"allow":["GET"]}}],"collection":[{"href":"https:\/\/www.europesays.com\/fr\/wp-json\/wp\/v2\/posts"}],"about":[{"href":"https:\/\/www.europesays.com\/fr\/wp-json\/wp\/v2\/types\/post"}],"author":[{"embeddable":true,"href":"https:\/\/www.europesays.com\/fr\/wp-json\/wp\/v2\/users\/2"}],"replies":[{"embeddable":true,"href":"https:\/\/www.europesays.com\/fr\/wp-json\/wp\/v2\/comments?post=310369"}],"version-history":[{"count":0,"href":"https:\/\/www.europesays.com\/fr\/wp-json\/wp\/v2\/posts\/310369\/revisions"}],"wp:featuredmedia":[{"embeddable":true,"href":"https:\/\/www.europesays.com\/fr\/wp-json\/wp\/v2\/media\/310370"}],"wp:attachment":[{"href":"https:\/\/www.europesays.com\/fr\/wp-json\/wp\/v2\/media?parent=310369"}],"wp:term":[{"taxonomy":"category","embeddable":true,"href":"https:\/\/www.europesays.com\/fr\/wp-json\/wp\/v2\/categories?post=310369"},{"taxonomy":"post_tag","embeddable":true,"href":"https:\/\/www.europesays.com\/fr\/wp-json\/wp\/v2\/tags?post=310369"}],"curies":[{"name":"wp","href":"https:\/\/api.w.org\/{rel}","templated":true}]}}