{"id":310371,"date":"2025-08-10T23:08:12","date_gmt":"2025-08-10T23:08:12","guid":{"rendered":"https:\/\/www.europesays.com\/fr\/310371\/"},"modified":"2025-08-10T23:08:12","modified_gmt":"2025-08-10T23:08:12","slug":"festival-de-la-cour-du-vieux-temple","status":"publish","type":"post","link":"https:\/\/www.europesays.com\/fr\/310371\/","title":{"rendered":"Festival de la Cour du Vieux Temple"},"content":{"rendered":"<p>Rendez-vous du samedi 23 au vendredi 29 ao\u00fbt 2025, \u00e0 la Cour du Vieux Temple, \u00e0 Grenoble.<\/p>\n<p>2025 marque une \u00e9dition toute particuli\u00e8re du <b>Festival de la Cour du Vieux Temple<\/b> : sa 25\u00e8me !<\/p>\n<p>Un quart de si\u00e8cle d&rsquo;\u00e9motions, de rencontres et de cr\u00e9ation, que vous pourrez f\u00eater avec une programmation toujours aussi riche.<\/p>\n<p>Cette ann\u00e9e, le <b>Festival<\/b> s&rsquo;adapte pour continuer \u00e0 faire vibrer la <b>Cour du Vieux Temple<\/b> tout en investissant un peu plus la salle Olivier Messiaen. Habituellement ferm\u00e9 pour des vacances estivales, le Minimistan restera ouvert pendant toute la dur\u00e9e du Festival. Toutefois, afin de permettre la tenue de certaines soir\u00e9es dans la cour, il a accept\u00e9 de fermer ses portes le dimanche (son jour habituel de repos hebdomadaire), ainsi que le lundi et le mardi soir. Gr\u00e2ce \u00e0 cette collaboration, ils ont pu repenser l&rsquo;organisation du festival et pr\u00e9server son atmosph\u00e8re unique. Ainsi, la Cour du Vieux Temple restera le lieu central du Festival.<\/p>\n<p>Chaque jour, elle accueillera les incontournables \u00ab\u00a0demi-heures joyeuses\u00a0\u00bb et plusieurs soir\u00e9es de <b>spectacles<\/b>. Pour le reste de la semaine, ils vous donnent rendez-vous \u00e0 la <b>Salle Olivier Messiaen<\/b> afin de poursuivre cette aventure artistique, dans les meilleures conditions.<\/p>\n<p><b>Programme : <\/b><br \/>&#8211; 18h00 \u00e0 18h30 : demi-heure joyeuse dans la Cour, profitez d&rsquo;une animation gratuite musicale<br \/>&#8211; 19h00 : spectacle de premi\u00e8re partie, petite forme de 50 \u00e0 55 minutes (musique ou th\u00e9\u00e2tre), salle Olivier Messiaen sauf Dimanche, et Mardi dans la cour<br \/>&#8211; 21h00 : spectacle de seconde partie, pi\u00e8ce de th\u00e9\u00e2tre. Dur\u00e9e variable de 1h20 \u00e0 1h45, salle Olivier Messiaen sauf Dimanche, Lundi et Mardi dans la cour<\/p>\n<p><b>Samedi 23 ao\u00fbt <\/b>   <br \/>&#8211; 18h30 : concert Bal Folk par La R\u00f4deuse en collaboration avec le Minimistan dans la cour<br \/>&#8211; 21h : th\u00e9\u00e2tre \u00ab\u00a0Je te regarde\u00a0\u00bb, salle Olivier Messiaen<\/p>\n<p><b>Dimanche 24 ao\u00fbt<\/b>    <br \/>&#8211; Un spectacle musical jeune public \u00e0 17h00, en plus de ceux de 19h00 et 21h00. L&rsquo;aventure des poils, Maurice ! et le th\u00e9\u00e2tre auront lieu dans la Cour<\/p>\n<p>Le reste de la semaine jusqu&rsquo;au vendredi 29 ao\u00fbt, un spectacle \u00e0 19h00 et un spectacle \u00e0 21h00, Cour ou Salle Olivier Messiaen.<\/p>\n<tr>\n<td class=\"defaut\"><a href=\"https:\/\/www.radioscoop.com\/agenda\/javascript:void(0)\" onclick=\"parent.RS.diaporama.addMedia(702798) ;\" target=\"_blank\" rel=\"noopener\"><img loading=\"lazy\" decoding=\"async\" src=\"https:\/\/www.europesays.com\/fr\/wp-content\/uploads\/2025\/08\/1754867291_326_img\" width=\"451\" height=\"640\" border=\"0\" title=\"Festival de la Cour du Vieux Temple 2\"\/><\/a><\/td>\n<\/tr>\n<p><\/p>\n<p>Rendez-vous du samedi 23 au vendredi 29 ao\u00fbt 2025, <br \/>\u00e0 la Cour du vieux Temple, \u00e0 Grenoble<\/p>\n<p><\/p>\n<p>Max Radio est partenaire de l&rsquo;\u00e9v\u00e8nement<\/p>\n<p><\/p>\n<tr>\n<td class=\"defaut\"><a href=\"https:\/\/www.radioscoop.com\/agenda\/javascript:void(0)\" onclick=\"parent.RS.diaporama.addMedia(702797) ;\" target=\"_blank\" rel=\"noopener\"><img loading=\"lazy\" decoding=\"async\" src=\"https:\/\/www.europesays.com\/fr\/wp-content\/uploads\/2025\/08\/1754867292_581_img\" width=\"451\" height=\"640\" border=\"0\" title=\"Festival de la Cour du Vieux Temple\"\/><\/a><\/td>\n<\/tr>\n<p><\/p>\n","protected":false},"excerpt":{"rendered":"Rendez-vous du samedi 23 au vendredi 29 ao\u00fbt 2025, \u00e0 la Cour du Vieux Temple, \u00e0 Grenoble. 2025&hellip;\n","protected":false},"author":2,"featured_media":310372,"comment_status":"","ping_status":"","sticky":false,"template":"","format":"standard","meta":{"footnotes":""},"categories":[9566],"tags":[1111,11,3734,2430,45039,4942,19816,1777,674,849,4768,1011,27,2731,12,3551,5486,25,3140],"class_list":{"0":"post-310371","1":"post","2":"type-post","3":"status-publish","4":"format-standard","5":"has-post-thumbnail","7":"category-grenoble","8":"tag-actu","9":"tag-actualites","10":"tag-art","11":"tag-auvergne-rhone-alpes","12":"tag-cour-du-vieux-temple","13":"tag-creation","14":"tag-emotion","15":"tag-eu","16":"tag-europe","17":"tag-festival","18":"tag-fete","19":"tag-fr","20":"tag-france","21":"tag-grenoble","22":"tag-news","23":"tag-programmation","24":"tag-rencontre","25":"tag-republique-francaise","26":"tag-spectacle"},"share_on_mastodon":{"url":"https:\/\/pubeurope.com\/@fr\/115006990614521019","error":""},"_links":{"self":[{"href":"https:\/\/www.europesays.com\/fr\/wp-json\/wp\/v2\/posts\/310371","targetHints":{"allow":["GET"]}}],"collection":[{"href":"https:\/\/www.europesays.com\/fr\/wp-json\/wp\/v2\/posts"}],"about":[{"href":"https:\/\/www.europesays.com\/fr\/wp-json\/wp\/v2\/types\/post"}],"author":[{"embeddable":true,"href":"https:\/\/www.europesays.com\/fr\/wp-json\/wp\/v2\/users\/2"}],"replies":[{"embeddable":true,"href":"https:\/\/www.europesays.com\/fr\/wp-json\/wp\/v2\/comments?post=310371"}],"version-history":[{"count":0,"href":"https:\/\/www.europesays.com\/fr\/wp-json\/wp\/v2\/posts\/310371\/revisions"}],"wp:featuredmedia":[{"embeddable":true,"href":"https:\/\/www.europesays.com\/fr\/wp-json\/wp\/v2\/media\/310372"}],"wp:attachment":[{"href":"https:\/\/www.europesays.com\/fr\/wp-json\/wp\/v2\/media?parent=310371"}],"wp:term":[{"taxonomy":"category","embeddable":true,"href":"https:\/\/www.europesays.com\/fr\/wp-json\/wp\/v2\/categories?post=310371"},{"taxonomy":"post_tag","embeddable":true,"href":"https:\/\/www.europesays.com\/fr\/wp-json\/wp\/v2\/tags?post=310371"}],"curies":[{"name":"wp","href":"https:\/\/api.w.org\/{rel}","templated":true}]}}