{"id":310373,"date":"2025-08-10T23:09:41","date_gmt":"2025-08-10T23:09:41","guid":{"rendered":"https:\/\/www.europesays.com\/fr\/310373\/"},"modified":"2025-08-10T23:09:41","modified_gmt":"2025-08-10T23:09:41","slug":"le-mis-en-cause-est-un-homme-age-de-60-ans-indique-etienne-manteaux-procureur-de-la-republique-de-grenoble","status":"publish","type":"post","link":"https:\/\/www.europesays.com\/fr\/310373\/","title":{"rendered":"\u00ab\u00a0Le mis en cause est un homme \u00e2g\u00e9 de 60 ans\u00a0\u00bb, indique \u00c9tienne Manteaux, procureur de la R\u00e9publique de Grenoble"},"content":{"rendered":"<p>Maire agress\u00e9: \u00ab\u00a0Le mis en cause est un homme \u00e2g\u00e9 de 60 ans\u00a0\u00bb, indique \u00c9tienne Manteaux, procureur de la R\u00e9publique de GrenobleSur le m\u00eame sujet<a href=\"https:\/\/www.bfmtv.com\/police-justice\/video-j-ai-pete-un-plomb-ce-que-l-homme-suspecte-de-l-agression-d-un-maire-en-isere-a-dit-aux-enqueteurs_VN-202508100192.html\" title=\"&quot;J&#039;ai p\u00e9t\u00e9 un plomb&quot;: ce que l&#039;homme, suspect\u00e9 de l&#039;agression d&#039;un maire en Is\u00e8re, a dit aux enqu\u00eateurs\" rel=\"nofollow noopener\" target=\"_blank\"><img width=\"16\" height=\"9\" class=\"lozad\"  alt=\"&quot;J'ai p\u00e9t\u00e9 un plomb&quot;: ce que l'homme, suspect\u00e9 de l'agression d'un maire en Is\u00e8re, a dit aux enqu\u00eateurs\"\/>1:56&Prime;J&rsquo;ai p\u00e9t\u00e9 un plomb\u00a0\u00bb: ce que l&rsquo;homme, suspect\u00e9 de l&rsquo;agression d&rsquo;un maire en Is\u00e8re, a dit aux enqu\u00eateurs<\/a><a href=\"https:\/\/www.bfmtv.com\/police-justice\/video-maire-agresse-en-isere-on-est-dans-une-situation-ou-la-violence-est-la-seule-reponse-alerte-michel-fournier-president-de-l-association-des-maires-ruraux-de-france_VN-202508100187.html\" title=\"Maire agress\u00e9 en Is\u00e8re: &quot;On est dans une situation o\u00f9 la violence est la seule r\u00e9ponse&quot;, alerte Michel Fournier, pr\u00e9sident de l&#039;association des maires ruraux de France\" rel=\"nofollow noopener\" target=\"_blank\"><img width=\"16\" height=\"9\" class=\"lozad\"  alt=\"Maire agress\u00e9 en Is\u00e8re: &quot;On est dans une situation o\u00f9 la violence est la seule r\u00e9ponse&quot;, alerte Michel Fournier, pr\u00e9sident de l'association des maires ruraux de France\"\/>2:57Maire agress\u00e9 en Is\u00e8re: \u00ab\u00a0On est dans une situation o\u00f9 la violence est la seule r\u00e9ponse\u00a0\u00bb, alerte Michel Fournier, pr\u00e9sident de l&rsquo;association des maires ruraux de France<\/a><a href=\"https:\/\/www.bfmtv.com\/police-justice\/video-maire-agresse-en-isere-le-procureur-de-grenoble-reclame-la-qualification-de-tentative-d-assassinat-sur-personne-depositaire-de-l-autorite-publique-contre-le-mis-en-cause_VN-202508100184.html\" title=\"Maire agress\u00e9: le procureur de Grenoble r\u00e9clame la qualification de &quot;double tentative de meurtre sur personne d\u00e9positaire de l&#039;autorit\u00e9 publique&quot;\" rel=\"nofollow noopener\" target=\"_blank\"><img width=\"16\" height=\"9\" class=\"lozad\"  alt=\"Maire agress\u00e9: le procureur de Grenoble r\u00e9clame la qualification de &quot;double tentative de meurtre sur personne d\u00e9positaire de l'autorit\u00e9 publique&quot;\"\/>2:01Maire agress\u00e9: le procureur de Grenoble r\u00e9clame la qualification de \u00ab\u00a0double tentative de meurtre sur personne d\u00e9positaire de l&rsquo;autorit\u00e9 publique\u00a0\u00bb<\/a><a href=\"https:\/\/www.bfmtv.com\/police-justice\/video-maire-en-isere-agresse-le-point-presse-du-procureur-de-la-republique-de-grenoble-etienne-manteaux_VN-202508100175.html\" title=\"Maire en Is\u00e8re agress\u00e9: le point presse du procureur de la R\u00e9publique de Grenoble, \u00c9tienne Manteaux\" rel=\"nofollow noopener\" target=\"_blank\"><img width=\"16\" height=\"9\" class=\"lozad\"  alt=\"Maire en Is\u00e8re agress\u00e9: le point presse du procureur de la R\u00e9publique de Grenoble, \u00c9tienne Manteaux\"\/>30:59Maire en Is\u00e8re agress\u00e9: le point presse du procureur de la R\u00e9publique de Grenoble, \u00c9tienne Manteaux<\/a><a href=\"https:\/\/www.bfmtv.com\/police-justice\/video-maire-agresse-l-homme-a-ete-defere-au-parquet-indique-etienne-manteaux-procureur-de-la-republique-de-grenoble_VN-202508100166.html\" title=\"Maire agress\u00e9: &quot;L&#039;homme a \u00e9t\u00e9 d\u00e9f\u00e9r\u00e9 au parquet&quot;, indique \u00c9tienne Manteaux, procureur de la R\u00e9publique de Grenoble\" rel=\"nofollow noopener\" target=\"_blank\"><img width=\"16\" height=\"9\" class=\"lozad\"  alt=\"Maire agress\u00e9: &quot;L'homme a \u00e9t\u00e9 d\u00e9f\u00e9r\u00e9 au parquet&quot;, indique \u00c9tienne Manteaux, procureur de la R\u00e9publique de Grenoble\"\/>1:12Maire agress\u00e9: \u00ab\u00a0L&rsquo;homme a \u00e9t\u00e9 d\u00e9f\u00e9r\u00e9 au parquet\u00a0\u00bb, indique \u00c9tienne Manteaux, procureur de la R\u00e9publique de Grenoble<\/a><a href=\"https:\/\/www.bfmtv.com\/police-justice\/video-maire-agresse-le-mis-en-cause-est-un-homme-age-de-60-ans-indique-etienne-manteaux-procureur-de-la-republique-de-grenoble_VN-202508100160.html\" title=\"Maire agress\u00e9: &quot;Le mis en cause est un homme \u00e2g\u00e9 de 60 ans&quot;, indique \u00c9tienne Manteaux, procureur de la R\u00e9publique de Grenoble\" rel=\"nofollow noopener\" target=\"_blank\"><img width=\"16\" height=\"9\" class=\"lozad\"  alt=\"Maire agress\u00e9: &quot;Le mis en cause est un homme \u00e2g\u00e9 de 60 ans&quot;, indique \u00c9tienne Manteaux, procureur de la R\u00e9publique de Grenoble\"\/>en lectureMaire agress\u00e9: \u00ab\u00a0Le mis en cause est un homme \u00e2g\u00e9 de 60 ans\u00a0\u00bb, indique \u00c9tienne Manteaux, procureur de la R\u00e9publique de Grenoble<\/a><a href=\"https:\/\/www.bfmtv.com\/police-justice\/video-maire-agresse-le-maire-etait-dans-un-pronostic-vital-engage-le-poumon-a-ete-perfore-indique-etienne-manteaux-procureur-de-la-republique-de-grenoble_VN-202508100156.html\" title=\"Maire agress\u00e9: &quot;Le maire \u00e9tait dans un pronostic vital engag\u00e9, le poumon a \u00e9t\u00e9 perfor\u00e9&quot;, indique \u00c9tienne Manteaux, procureur de la R\u00e9publique de Grenoble\" rel=\"nofollow noopener\" target=\"_blank\"><img width=\"16\" height=\"9\" class=\"lozad\"  alt=\"Maire agress\u00e9: &quot;Le maire \u00e9tait dans un pronostic vital engag\u00e9, le poumon a \u00e9t\u00e9 perfor\u00e9&quot;, indique \u00c9tienne Manteaux, procureur de la R\u00e9publique de Grenoble\"\/>1:02Maire agress\u00e9: \u00ab\u00a0Le maire \u00e9tait dans un pronostic vital engag\u00e9, le poumon a \u00e9t\u00e9 perfor\u00e9\u00a0\u00bb, indique \u00c9tienne Manteaux, procureur de la R\u00e9publique de Grenoble<\/a><a href=\"https:\/\/www.bfmtv.com\/police-justice\/video-maire-agresse-le-mis-en-cause-n-a-oppose-aucune-resistance-lors-de-son-interpellation-indique-etienne-manteaux-procureur-de-la-republique-de-grenoble_VN-202508100154.html\" title=\"Maire agress\u00e9: &quot;Le mis en cause n&#039;a oppos\u00e9 aucune r\u00e9sistance lors de son interpellation&quot;, indique \u00c9tienne Manteaux, procureur de la R\u00e9publique de Grenoble\" rel=\"nofollow noopener\" target=\"_blank\"><img width=\"16\" height=\"9\" class=\"lozad\"  alt=\"Maire agress\u00e9: &quot;Le mis en cause n'a oppos\u00e9 aucune r\u00e9sistance lors de son interpellation&quot;, indique \u00c9tienne Manteaux, procureur de la R\u00e9publique de Grenoble\"\/>1:15Maire agress\u00e9: \u00ab\u00a0Le mis en cause n&rsquo;a oppos\u00e9 aucune r\u00e9sistance lors de son interpellation\u00a0\u00bb, indique \u00c9tienne Manteaux, procureur de la R\u00e9publique de Grenoble<\/a><a href=\"https:\/\/www.bfmtv.com\/police-justice\/video-maire-agresse-en-isere-le-maire-a-directement-ete-frappe-au-niveau-du-thorax-et-du-bras-declare-etienne-manteaux-procureur-de-la-republique-de-grenoble_VN-202508100150.html\" title=\"Maire agress\u00e9 en Is\u00e8re: &quot;Le maire a directement \u00e9t\u00e9 frapp\u00e9 au niveau du thorax et du bras&quot;, d\u00e9clare \u00c9tienne Manteaux, procureur de la R\u00e9publique de Grenoble\" rel=\"nofollow noopener\" target=\"_blank\"><img width=\"16\" height=\"9\" class=\"lozad\"  alt=\"Maire agress\u00e9 en Is\u00e8re: &quot;Le maire a directement \u00e9t\u00e9 frapp\u00e9 au niveau du thorax et du bras&quot;, d\u00e9clare \u00c9tienne Manteaux, procureur de la R\u00e9publique de Grenoble\"\/>1:14Maire agress\u00e9 en Is\u00e8re: \u00ab\u00a0Le maire a directement \u00e9t\u00e9 frapp\u00e9 au niveau du thorax et du bras\u00a0\u00bb, d\u00e9clare \u00c9tienne Manteaux, procureur de la R\u00e9publique de Grenoble<\/a><a href=\"https:\/\/www.bfmtv.com\/politique\/video-maires-agresses-on-a-une-augmentation-de-30-des-menaces-verbales-et-physiques-observe-abdoulaye-kante-policier_VN-202508100143.html\" title=\"Maires agress\u00e9s: &quot;On a une augmentation de 30% des menaces verbales et physiques&quot;, observe Abdoulaye Kant\u00e9, policier\" rel=\"nofollow noopener\" target=\"_blank\"><img width=\"16\" height=\"9\" class=\"lozad\"  alt=\"Maires agress\u00e9s: &quot;On a une augmentation de 30% des menaces verbales et physiques&quot;, observe Abdoulaye Kant\u00e9, policier\"\/>2:20Maires agress\u00e9s: \u00ab\u00a0On a une augmentation de 30% des menaces verbales et physiques\u00a0\u00bb, observe Abdoulaye Kant\u00e9, policier<\/a><a href=\"https:\/\/www.bfmtv.com\/politique\/video-maires-agresses-une-agression-contre-un-elu-n-est-jamais-acceptable-indique-philippe-laurent-maire-udi-de-sceaux_VN-202508100141.html\" title=\"Maires agress\u00e9s: &quot;Une agression contre un \u00e9lu n&#039;est jamais acceptable&quot;, indique Philippe Laurent, maire (UDI) de Sceaux\" rel=\"nofollow noopener\" target=\"_blank\"><img width=\"16\" height=\"9\" class=\"lozad\"  alt=\"Maires agress\u00e9s: &quot;Une agression contre un \u00e9lu n'est jamais acceptable&quot;, indique Philippe Laurent, maire (UDI) de Sceaux\"\/>2:03Maires agress\u00e9s: \u00ab\u00a0Une agression contre un \u00e9lu n&rsquo;est jamais acceptable\u00a0\u00bb, indique Philippe Laurent, maire (UDI) de Sceaux<\/a><a href=\"https:\/\/www.bfmtv.com\/police-justice\/video-bretagne-un-homme-tue-son-ex-compagne-dans-la-rue-l-auteur-des-faits-a-ete-abattu-par-un-gendarme_VN-202508100040.html\" title=\"Bretagne: un homme tue son ex-compagne dans la rue. L&#039;auteur des faits a \u00e9t\u00e9 abattu par un gendarme\" rel=\"nofollow noopener\" target=\"_blank\"><img width=\"16\" height=\"9\" class=\"lozad\"  alt=\"Bretagne: un homme tue son ex-compagne dans la rue. L'auteur des faits a \u00e9t\u00e9 abattu par un gendarme\"\/>1:20Bretagne: un homme tue son ex-compagne dans la rue. L&rsquo;auteur des faits a \u00e9t\u00e9 abattu par un gendarme<\/a><a href=\"https:\/\/www.bfmtv.com\/police-justice\/video-feminicide-en-ille-et-vilaine-deux-enquetes-ouvertes-le-militaire-en-garde-a-vue_VN-202508090273.html\" title=\"F\u00e9minicide en Ille-et-Vilaine: deux enqu\u00eates ouvertes, le militaire en garde \u00e0 vue\" rel=\"nofollow noopener\" target=\"_blank\"><img width=\"16\" height=\"9\" class=\"lozad\"  alt=\"F\u00e9minicide en Ille-et-Vilaine: deux enqu\u00eates ouvertes, le militaire en garde \u00e0 vue\"\/>1:38F\u00e9minicide en Ille-et-Vilaine: deux enqu\u00eates ouvertes, le militaire en garde \u00e0 vue<\/a><a href=\"https:\/\/www.bfmtv.com\/police-justice\/video-violences-contre-les-maires-comment-faire-pour-lutter-contre-les-agressions_VN-202508090231.html\" title=\"Violences contre les maires: comment faire pour lutter contre les agressions ?\" rel=\"nofollow noopener\" target=\"_blank\"><img width=\"16\" height=\"9\" class=\"lozad\"  alt=\"Violences contre les maires: comment faire pour lutter contre les agressions ?\"\/>1:11Violences contre les maires: comment faire pour lutter contre les agressions ?<\/a><a class=\"jumpToVideo\" target=\"_blank\"><img class=\"thumbnailPreview\"\/><\/a><\/p>\n","protected":false},"excerpt":{"rendered":"Maire agress\u00e9: \u00ab\u00a0Le mis en cause est un homme \u00e2g\u00e9 de 60 ans\u00a0\u00bb, indique \u00c9tienne Manteaux, procureur de&hellip;\n","protected":false},"author":2,"featured_media":310374,"comment_status":"","ping_status":"","sticky":false,"template":"","format":"standard","meta":{"footnotes":""},"categories":[9566],"tags":[1111,11,2430,1777,674,1011,27,2731,12,25],"class_list":{"0":"post-310373","1":"post","2":"type-post","3":"status-publish","4":"format-standard","5":"has-post-thumbnail","7":"category-grenoble","8":"tag-actu","9":"tag-actualites","10":"tag-auvergne-rhone-alpes","11":"tag-eu","12":"tag-europe","13":"tag-fr","14":"tag-france","15":"tag-grenoble","16":"tag-news","17":"tag-republique-francaise"},"share_on_mastodon":{"url":"https:\/\/pubeurope.com\/@fr\/115006994120092175","error":""},"_links":{"self":[{"href":"https:\/\/www.europesays.com\/fr\/wp-json\/wp\/v2\/posts\/310373","targetHints":{"allow":["GET"]}}],"collection":[{"href":"https:\/\/www.europesays.com\/fr\/wp-json\/wp\/v2\/posts"}],"about":[{"href":"https:\/\/www.europesays.com\/fr\/wp-json\/wp\/v2\/types\/post"}],"author":[{"embeddable":true,"href":"https:\/\/www.europesays.com\/fr\/wp-json\/wp\/v2\/users\/2"}],"replies":[{"embeddable":true,"href":"https:\/\/www.europesays.com\/fr\/wp-json\/wp\/v2\/comments?post=310373"}],"version-history":[{"count":0,"href":"https:\/\/www.europesays.com\/fr\/wp-json\/wp\/v2\/posts\/310373\/revisions"}],"wp:featuredmedia":[{"embeddable":true,"href":"https:\/\/www.europesays.com\/fr\/wp-json\/wp\/v2\/media\/310374"}],"wp:attachment":[{"href":"https:\/\/www.europesays.com\/fr\/wp-json\/wp\/v2\/media?parent=310373"}],"wp:term":[{"taxonomy":"category","embeddable":true,"href":"https:\/\/www.europesays.com\/fr\/wp-json\/wp\/v2\/categories?post=310373"},{"taxonomy":"post_tag","embeddable":true,"href":"https:\/\/www.europesays.com\/fr\/wp-json\/wp\/v2\/tags?post=310373"}],"curies":[{"name":"wp","href":"https:\/\/api.w.org\/{rel}","templated":true}]}}