{"id":310377,"date":"2025-08-10T23:12:55","date_gmt":"2025-08-10T23:12:55","guid":{"rendered":"https:\/\/www.europesays.com\/fr\/310377\/"},"modified":"2025-08-10T23:12:55","modified_gmt":"2025-08-10T23:12:55","slug":"le-srfc-doit-lacher-20-me-pour-une-cible-offensive","status":"publish","type":"post","link":"https:\/\/www.europesays.com\/fr\/310377\/","title":{"rendered":"le SRFC doit l\u00e2cher 20 M\u20ac pour une cible offensive"},"content":{"rendered":"<p><strong>Le Stade Rennais multiplie les recherches sur le march\u00e9 des transferts pour garnir son secteur offensif, et ce alors que l&rsquo;attaquant fran\u00e7ais Arnaud Kalimuendo pourrait faire ses valises.<\/strong><\/p>\n<p>Si <strong>33,25 M\u20ac ont \u00e9t\u00e9 d\u00e9bours\u00e9s<\/strong> depuis le d\u00e9but du mercato estival, le <strong>Stade Rennais<\/strong> n&rsquo;a pas encore renforc\u00e9 le secteur offensif de son entra\u00eeneur Habib Beye. Un constat d&rsquo;autant plus alarmant que dans l&rsquo;autre sens de circulation, Kyogo Furuhashi (Birmingham City, 9 M\u20ac), Kazeem Olaigbe (Trabzonspor, 5 M\u20ac), Wilson Samak\u00e9 (Bandirmaspor, libre) et Albert Gronbaek (Genoa, pr\u00eat avec OA) ont quitt\u00e9 le SRFC.<\/p>\n<p><strong>\u00c0 lire aussi \u2013 <\/strong><a href=\"https:\/\/wesportfr.com\/mercato-rennes-habib-beye-pret-a-faire-une-nouvelle-victime\/\" rel=\"nofollow noopener\" target=\"_blank\">Mercato Rennes : Habib Beye pr\u00eat \u00e0 faire une nouvelle victime<\/a><\/p>\n<p>Et que dire du cas <strong>Arnaud Kalimuendo<\/strong> ? Rest\u00e9 sur le banc des rempla\u00e7ants samedi pendant le match amical contre les Italiens du Genoa (2-2), <strong>l&rsquo;attaquant fran\u00e7ais partira en cas d&rsquo;offre cons\u00e9quente<\/strong>. Ouest-France annonce qu&rsquo;un club s&rsquo;est positionn\u00e9 sur l&rsquo;ancien Lensois, li\u00e9 \u00e0 une valeur marchande de 22 M\u20ac. Pour remplacer Arnaud Kalimuendo, <a href=\"https:\/\/wesportfr.com\/mercato-rennes-la-piste-folle-dhabib-beye-pour-remplacer-arnaud-kalimuendo\/\" rel=\"nofollow noopener\" target=\"_blank\">le SRFC s&rsquo;est lanc\u00e9 sur la piste Timo Werner<\/a>.<\/p>\n<blockquote class=\"twitter-tweet\">\n<p dir=\"ltr\" lang=\"fr\">\ud83d\udea8 Habib Beye \u00e0 propos d\u2019Arnaud Kalimuendo : \u00ab Il faut anticiper au cas o\u00f9 quelque chose se passe avant le match de Marseille. \u00bb<\/p>\n<p>(Zone mixte) <a href=\"https:\/\/t.co\/7wHGWIyTcV\" rel=\"nofollow\">pic.twitter.com\/7wHGWIyTcV<\/a><\/p>\n<p>\u2014 KalimuendoFR \ud83c\uddeb\ud83c\uddf7 (@KalimuendoFR) <a href=\"https:\/\/twitter.com\/KalimuendoFR\/status\/1954303189697609957?ref_src=twsrc%5Etfw\" rel=\"nofollow noopener\" target=\"_blank\">August 9, 2025<\/a><\/p>\n<\/blockquote>\n<p>Rennes vise un attaquant de l&rsquo;OM<\/p>\n<p>En coulisses, il se dit que ce n&rsquo;est pas un mais deux attaquants que visent les Rouge et Noir. Tandis que le nom de l&rsquo;ancien Mon\u00e9gasque <strong>Willem Geubbels<\/strong> (Saint-Gall) est aussi cit\u00e9, le Stade Rennais fait \u00e9galement partie des courtisans d&rsquo;un attaquant de <a href=\"https:\/\/wesportfr.com\/football\/ligue-1\/\" rel=\"nofollow noopener\" target=\"_blank\">Ligue 1<\/a> : <strong>Jonathan Rowe<\/strong>. Douze mois seulement apr\u00e8s son arriv\u00e9e \u00e0 l&rsquo;<strong>Olympique de Marseille<\/strong>, l&rsquo;ailier gauche anglais est d\u00e9j\u00e0 sur le d\u00e9part. Dans les Bouches-du-Rh\u00f4ne, l&rsquo;arriv\u00e9e du Br\u00e9silien Igor Paixao constitue une mauvaise nouvelle pour la suite de sa progression.<\/p>\n<p><strong>\u00c0 lire aussi \u2013 <\/strong><a href=\"https:\/\/wesportfr.com\/mercato-rennes-habib-beye-pret-a-faire-une-nouvelle-victime\/\" rel=\"nofollow noopener\" target=\"_blank\">Mercato Rennes : Habib Beye pr\u00eat \u00e0 faire une nouvelle victime<\/a><\/p>\n<p>Aujourd&rsquo;hui sous contrat jusqu&rsquo;en juin 2029, l&rsquo;ancien joueur de Norwich City pla\u00eet au Stade Rennais mais aussi \u00e0 <strong>deux clubs turcs<\/strong> (Besiktas, Fenerbah\u00e7e) et <strong>deux formations italiennes<\/strong> (Atalanta Bergame, AS Rome). Des clubs de Premier League envisagent \u00e9galement un recrutement de Jonathan Rowe. C&rsquo;est dire si la concurrence s&rsquo;annonce rude pour des Bretons fix\u00e9s sur la somme \u00e0 d\u00e9bourser. L&rsquo;Equipe\u00a0\u00e9voque <strong>un montant d&rsquo;environ 20 M\u20ac<\/strong>.<\/p>\n<p>                    <script async src=\"https:\/\/platform.twitter.com\/widgets.js\" charset=\"utf-8\"><\/script><\/p>\n","protected":false},"excerpt":{"rendered":"Le Stade Rennais multiplie les recherches sur le march\u00e9 des transferts pour garnir son secteur offensif, et ce&hellip;\n","protected":false},"author":2,"featured_media":310378,"comment_status":"","ping_status":"","sticky":false,"template":"","format":"standard","meta":{"footnotes":""},"categories":[2821],"tags":[1111,11,829,1777,674,1011,27,12,584,25],"class_list":{"0":"post-310377","1":"post","2":"type-post","3":"status-publish","4":"format-standard","5":"has-post-thumbnail","7":"category-rennes","8":"tag-actu","9":"tag-actualites","10":"tag-bretagne","11":"tag-eu","12":"tag-europe","13":"tag-fr","14":"tag-france","15":"tag-news","16":"tag-rennes","17":"tag-republique-francaise"},"share_on_mastodon":{"url":"https:\/\/pubeurope.com\/@fr\/115007009905779465","error":""},"_links":{"self":[{"href":"https:\/\/www.europesays.com\/fr\/wp-json\/wp\/v2\/posts\/310377","targetHints":{"allow":["GET"]}}],"collection":[{"href":"https:\/\/www.europesays.com\/fr\/wp-json\/wp\/v2\/posts"}],"about":[{"href":"https:\/\/www.europesays.com\/fr\/wp-json\/wp\/v2\/types\/post"}],"author":[{"embeddable":true,"href":"https:\/\/www.europesays.com\/fr\/wp-json\/wp\/v2\/users\/2"}],"replies":[{"embeddable":true,"href":"https:\/\/www.europesays.com\/fr\/wp-json\/wp\/v2\/comments?post=310377"}],"version-history":[{"count":0,"href":"https:\/\/www.europesays.com\/fr\/wp-json\/wp\/v2\/posts\/310377\/revisions"}],"wp:featuredmedia":[{"embeddable":true,"href":"https:\/\/www.europesays.com\/fr\/wp-json\/wp\/v2\/media\/310378"}],"wp:attachment":[{"href":"https:\/\/www.europesays.com\/fr\/wp-json\/wp\/v2\/media?parent=310377"}],"wp:term":[{"taxonomy":"category","embeddable":true,"href":"https:\/\/www.europesays.com\/fr\/wp-json\/wp\/v2\/categories?post=310377"},{"taxonomy":"post_tag","embeddable":true,"href":"https:\/\/www.europesays.com\/fr\/wp-json\/wp\/v2\/tags?post=310377"}],"curies":[{"name":"wp","href":"https:\/\/api.w.org\/{rel}","templated":true}]}}