{"id":310383,"date":"2025-08-10T23:15:12","date_gmt":"2025-08-10T23:15:12","guid":{"rendered":"https:\/\/www.europesays.com\/fr\/310383\/"},"modified":"2025-08-10T23:15:12","modified_gmt":"2025-08-10T23:15:12","slug":"previsions-du-lundi-11-aout-2025-4","status":"publish","type":"post","link":"https:\/\/www.europesays.com\/fr\/310383\/","title":{"rendered":"pr\u00e9visions du lundi 11 ao\u00fbt 2025"},"content":{"rendered":"<p>Nice va \u00eatre baign\u00e9e de soleil durant cette journ\u00e9e. Les temp\u00e9ratures s&rsquo;\u00e9chelonneront de 26 \u00e0 32\u00b0C. Les grosses chaleurs sont pr\u00e9sentes. Avec des valeurs comprises entre 27 et 31\u00b0C. Les maximales iront jusqu&rsquo;\u00e0 31\u00b0C dans la matin\u00e9e alors que les minimales seront de 27\u00b0C. Un vent de sud-est soufflera un peu, avec 8 km\/h. D\u00e8s l&rsquo;apr\u00e8s-midi, les temp\u00e9ratures \u00e9volueront entre 31 et 32\u2009\u00b0C. Les valeurs maximales pr\u00e9vues le soir sont \u00e9lev\u00e9es, avec 30\u00b0C. Les temp\u00e9ratures s&rsquo;\u00e9chelonneront entre 28 et 30\u00b0C. On s&rsquo;attend \u00e0 une nuit claire entre lundi et mardi.<\/p>\n<p>Un beau soleil est attendu demain \u00e0 Nice. Le mercure va chuter de quelques degr\u00e9s. La ville va conna\u00eetre une vague d&rsquo;importantes chaleurs avec des valeurs qui rejoindront parfois les 31\u00b0C. Les temp\u00e9ratures seront comprises entre 24 et 31\u00b0C. Un vent de nord-ouest rafra\u00eechira sensiblement l&rsquo;atmosph\u00e8re. La ville va p\u00e2tir des fortes chaleurs avec des valeurs qui devraient monter \u00e0 31\u00b0C le matin. Les temp\u00e9ratures afficheront entre 27 et 31\u00b0C. Attention \u00e0 la vague de chaud au cours de l&rsquo;apr\u00e8s-midi. Des valeurs de 27 \u00e0 31\u00b0C sont attendues. Les temp\u00e9ratures s&rsquo;\u00e9chelonneront entre 27\u00b0C et 31\u00b0C. Il faudra emporter son parapluie demain soir pour s&rsquo;abriter des pluies \u00e9parses. Il va faire 24\u00b0C en moyenne.<\/p>\n<p>Les jours suivants s&rsquo;annoncent identiques. Comptez sur 30\u00b0C en moyenne qui accompagneront des journ\u00e9es ensoleill\u00e9es.<\/p>\n<p>M\u00eame si l&rsquo;on peut aimer la chaleur, il ne faut cependant pas n\u00e9gliger de s&rsquo;en prot\u00e9ger et surtout rester attentif vis-\u00e0-vis des personnes les plus vuln\u00e9rables. Une bonne hydratation et de la cr\u00e8me solaire sont n\u00e9cessaires face au soleil.<\/p>\n","protected":false},"excerpt":{"rendered":"Nice va \u00eatre baign\u00e9e de soleil durant cette journ\u00e9e. Les temp\u00e9ratures s&rsquo;\u00e9chelonneront de 26 \u00e0 32\u00b0C. Les grosses&hellip;\n","protected":false},"author":2,"featured_media":310384,"comment_status":"","ping_status":"","sticky":false,"template":"","format":"standard","meta":{"footnotes":""},"categories":[2819],"tags":[1111,11,2898,1777,674,1011,27,12,2401,883,2119,882,25],"class_list":{"0":"post-310383","1":"post","2":"type-post","3":"status-publish","4":"format-standard","5":"has-post-thumbnail","7":"category-nice","8":"tag-actu","9":"tag-actualites","10":"tag-alpes-maritimes","11":"tag-eu","12":"tag-europe","13":"tag-fr","14":"tag-france","15":"tag-news","16":"tag-nice","17":"tag-paca","18":"tag-previsions-meteo","19":"tag-provence-alpes-cote-dazur","20":"tag-republique-francaise"},"share_on_mastodon":{"url":"https:\/\/pubeurope.com\/@fr\/115007017725097907","error":""},"_links":{"self":[{"href":"https:\/\/www.europesays.com\/fr\/wp-json\/wp\/v2\/posts\/310383","targetHints":{"allow":["GET"]}}],"collection":[{"href":"https:\/\/www.europesays.com\/fr\/wp-json\/wp\/v2\/posts"}],"about":[{"href":"https:\/\/www.europesays.com\/fr\/wp-json\/wp\/v2\/types\/post"}],"author":[{"embeddable":true,"href":"https:\/\/www.europesays.com\/fr\/wp-json\/wp\/v2\/users\/2"}],"replies":[{"embeddable":true,"href":"https:\/\/www.europesays.com\/fr\/wp-json\/wp\/v2\/comments?post=310383"}],"version-history":[{"count":0,"href":"https:\/\/www.europesays.com\/fr\/wp-json\/wp\/v2\/posts\/310383\/revisions"}],"wp:featuredmedia":[{"embeddable":true,"href":"https:\/\/www.europesays.com\/fr\/wp-json\/wp\/v2\/media\/310384"}],"wp:attachment":[{"href":"https:\/\/www.europesays.com\/fr\/wp-json\/wp\/v2\/media?parent=310383"}],"wp:term":[{"taxonomy":"category","embeddable":true,"href":"https:\/\/www.europesays.com\/fr\/wp-json\/wp\/v2\/categories?post=310383"},{"taxonomy":"post_tag","embeddable":true,"href":"https:\/\/www.europesays.com\/fr\/wp-json\/wp\/v2\/tags?post=310383"}],"curies":[{"name":"wp","href":"https:\/\/api.w.org\/{rel}","templated":true}]}}