{"id":310389,"date":"2025-08-10T23:18:10","date_gmt":"2025-08-10T23:18:10","guid":{"rendered":"https:\/\/www.europesays.com\/fr\/310389\/"},"modified":"2025-08-10T23:18:10","modified_gmt":"2025-08-10T23:18:10","slug":"joao-neves-absent-contre-tottenham-et-nantes","status":"publish","type":"post","link":"https:\/\/www.europesays.com\/fr\/310389\/","title":{"rendered":"Joao Neves absent contre Tottenham et nantes"},"content":{"rendered":"<p>Joao Neves, le milieu du PSG (PSG.FR)<\/p>\n<p><img width=\"615\" height=\"410\" src=\"https:\/\/www.europesays.com\/fr\/wp-content\/uploads\/2025\/08\/valroff_lv1_3647-615x410.jpg\" alt=\"Joao Neves, le milieu du PSG (PSG.FR)\" loading=\"eager\" decoding=\"async\" fetchpriority=\"high\"  \/><\/p>\n<p>Les recrutements d\u2019Illya Zabarnyi et de Lucas Chevalier boucl\u00e9s par les bons soins de Luis Campos, le PSG affronte Tottenham ce mercredi pour la Super coupe. Apr\u00e8s avoir remport\u00e9 la Ligue des Champions et \u00e9chou\u00e9 en finale de la Coupe du monde des clubs, le club parisien tentera d\u2019ajouter un second titre europ\u00e9en \u00e0 son escarcelle.<\/p>\n<p>Une mission ardue \u00e9tant donn\u00e9 que les hommes de Luis Enrique n\u2019ont repris l\u2019entra\u00eenement que depuis quatre petits jours. Les Spurs eux, qui ont perdu James Maddison sur blessure et Heung-Min Son transf\u00e9r\u00e9, s\u2019avance avec une pr\u00e9paration compl\u00e8te dans les jambes.<\/p>\n<p>La suite apr\u00e8s la publicit\u00e9<\/p>\n<p>Luis Enrique pr\u00e9pare le d\u00e9but de saison sans Joao Neves<\/p>\n<p>Luis Enrique va \u00e9galement devoir g\u00e9rer un autre souci auquel on ne s\u2019attendait pas forc\u00e9ment. En effet, Joao Neves ne devrait pas pouvoir disputer ce choc, tout comme la premi\u00e8re journ\u00e9e de Ligue 1 face au FC Nantes. La raison ? Le carton rouge re\u00e7u en finale du Mondial des clubs contre Chelsea suite au tirage de cheveux sur la personne de Marc Cucurella.<\/p>\n<p>La suite apr\u00e8s la publicit\u00e9<\/p>\n<p>Une information sign\u00e9e Fabrice Hawkins, journaliste pour RMC. Toujours selon cette source, le PSG, conscient de cette suspension, r\u00e9serve \u00e0 Joao Neves un traitement physique particulier en cons\u00e9quence. Probl\u00e8me, il y a quelques semaines, Le Parisien nous affirmait exactement l\u2019inverse.<\/p>\n<p>\u00c9chos contraires pour cette suspension<\/p>\n<p>Le m\u00e9dia francilien indiquait plut\u00f4t que, selon une r\u00e8gle sp\u00e9cifique de cette Coupe du monde des clubs, un carton rouge re\u00e7u en finale ne sera suivi d\u2019aucune suspension. De surcro\u00eet alors que la nouvelle saison ouvre ses portes et que les compteurs sont logiquement remis \u00e0 z\u00e9ro.<\/p>\n<p>Reste \u00e0 attendre plus amples pr\u00e9cisions \u00e0 ce sujet. Mais si Fabrice Hawkins affirme une telle chose, c\u2019est que ses informations doivent \u00eatre fiables. Affaire \u00e0 suivre donc\u2026<\/p>\n<p>Pub. le 10\/08\/2025 &#8211; 20:54\t\t &#8211; MAJ 10\/08\/2025 &#8211; 20:59\t<\/p>\n<p>A propos de l&rsquo;auteur<\/p>\n<p>Passionn\u00e9 et autodidacte, je dirige la r\u00e9daction de AllezParis.fr. Fan du PSG et adepte du pied gauche de Siaka Ti\u00e9n\u00e9, mes go\u00fbts footballistiques sont parfois jug\u00e9s douteux.<\/p>\n","protected":false},"excerpt":{"rendered":"Joao Neves, le milieu du PSG (PSG.FR) Les recrutements d\u2019Illya Zabarnyi et de Lucas Chevalier boucl\u00e9s par les&hellip;\n","protected":false},"author":2,"featured_media":310390,"comment_status":"","ping_status":"","sticky":false,"template":"","format":"standard","meta":{"footnotes":""},"categories":[2818],"tags":[328,1111,11,1777,674,462,1011,27,87,66,766,12,2636,25,45040,18015],"class_list":{"0":"post-310389","1":"post","2":"type-post","3":"status-publish","4":"format-standard","5":"has-post-thumbnail","7":"category-nantes","8":"tag-a-la-une","9":"tag-actu","10":"tag-actualites","11":"tag-eu","12":"tag-europe","13":"tag-fc-nantes","14":"tag-fr","15":"tag-france","16":"tag-joao-neves","17":"tag-ligue-1","18":"tag-nantes","19":"tag-news","20":"tag-pays-de-la-loire","21":"tag-republique-francaise","22":"tag-super-coupe-deurope","23":"tag-tottenham"},"share_on_mastodon":{"url":"https:\/\/pubeurope.com\/@fr\/115007029494599519","error":""},"_links":{"self":[{"href":"https:\/\/www.europesays.com\/fr\/wp-json\/wp\/v2\/posts\/310389","targetHints":{"allow":["GET"]}}],"collection":[{"href":"https:\/\/www.europesays.com\/fr\/wp-json\/wp\/v2\/posts"}],"about":[{"href":"https:\/\/www.europesays.com\/fr\/wp-json\/wp\/v2\/types\/post"}],"author":[{"embeddable":true,"href":"https:\/\/www.europesays.com\/fr\/wp-json\/wp\/v2\/users\/2"}],"replies":[{"embeddable":true,"href":"https:\/\/www.europesays.com\/fr\/wp-json\/wp\/v2\/comments?post=310389"}],"version-history":[{"count":0,"href":"https:\/\/www.europesays.com\/fr\/wp-json\/wp\/v2\/posts\/310389\/revisions"}],"wp:featuredmedia":[{"embeddable":true,"href":"https:\/\/www.europesays.com\/fr\/wp-json\/wp\/v2\/media\/310390"}],"wp:attachment":[{"href":"https:\/\/www.europesays.com\/fr\/wp-json\/wp\/v2\/media?parent=310389"}],"wp:term":[{"taxonomy":"category","embeddable":true,"href":"https:\/\/www.europesays.com\/fr\/wp-json\/wp\/v2\/categories?post=310389"},{"taxonomy":"post_tag","embeddable":true,"href":"https:\/\/www.europesays.com\/fr\/wp-json\/wp\/v2\/tags?post=310389"}],"curies":[{"name":"wp","href":"https:\/\/api.w.org\/{rel}","templated":true}]}}