{"id":310391,"date":"2025-08-10T23:20:12","date_gmt":"2025-08-10T23:20:12","guid":{"rendered":"https:\/\/www.europesays.com\/fr\/310391\/"},"modified":"2025-08-10T23:20:12","modified_gmt":"2025-08-10T23:20:12","slug":"previsions-du-lundi-11-aout-2025-6","status":"publish","type":"post","link":"https:\/\/www.europesays.com\/fr\/310391\/","title":{"rendered":"pr\u00e9visions du lundi 11 ao\u00fbt 2025"},"content":{"rendered":"<p>Bordeaux va \u00eatre inond\u00e9e de soleil durant cette journ\u00e9e. Le matin, de tr\u00e8s grosses chaleurs (entre 24\u00b0C et 41\u00b0C) sont attendues. Un vent de sud-est soufflera l\u00e9g\u00e8rement. Une m\u00e9t\u00e9o plus chaude est \u00e0 pr\u00e9voir l&rsquo;apr\u00e8s-midi \u00e9tant donn\u00e9 que le mercure va conna\u00eetre une hausse. La ville va conna\u00eetre une vague d&rsquo;importantes chaleurs avec des temp\u00e9ratures qui atteindront parfois les 43\u00b0C. Les valeurs maximums pr\u00e9vues le soir sont \u00e9lev\u00e9es, avec 30\u00b0C. Durant la nuit de lundi \u00e0 mardi, le ciel sera clair.<\/p>\n<p>C&rsquo;est un soleil \u00e9clatant qui va briller demain sur Bordeaux. Une chute du mercure est \u00e0 craindre. Les fortes chaleurs sont pr\u00e9sentes. Avec des temp\u00e9ratures situ\u00e9es entre 18 et 43\u00b0C. Un vent de sud-est rafra\u00eechira quelque peu l&rsquo;atmosph\u00e8re. La p\u00e9riode de grosses chaleurs est bien l\u00e0, avec des valeurs qui pourront monter jusqu&rsquo;\u00e0 36\u00b0C le matin. Les temp\u00e9ratures vont grimper pendant l&rsquo;apr\u00e8s-midi de plusieurs degr\u00e9s. Les valeurs \u00e9volueront entre 39 et 43\u2009\u00b0C. Attention \u00e0 la vague de chaud dans la soir\u00e9e. Des valeurs de 29 \u00e0 39\u00b0C sont annonc\u00e9es.<\/p>\n<p>Le temps restera inchang\u00e9 les jours \u00e0 venir. Des temp\u00e9ratures dans les 35\u00b0C iront de pair avec un ciel ensoleill\u00e9.<\/p>\n<p>Evitez de vous exposer aux heures les plus chaudes (entre 12h et 16h), couvrez-vous la t\u00eate, portez des lunettes de soleil et utilisez une cr\u00e8me solaire adapt\u00e9 !<\/p>\n","protected":false},"excerpt":{"rendered":"Bordeaux va \u00eatre inond\u00e9e de soleil durant cette journ\u00e9e. Le matin, de tr\u00e8s grosses chaleurs (entre 24\u00b0C et&hellip;\n","protected":false},"author":2,"featured_media":310392,"comment_status":"","ping_status":"","sticky":false,"template":"","format":"standard","meta":{"footnotes":""},"categories":[2817],"tags":[1111,11,3177,1997,1777,674,1011,27,2905,12,2219,2119,25],"class_list":{"0":"post-310391","1":"post","2":"type-post","3":"status-publish","4":"format-standard","5":"has-post-thumbnail","7":"category-bordeaux","8":"tag-actu","9":"tag-actualites","10":"tag-aquitaine","11":"tag-bordeaux","12":"tag-eu","13":"tag-europe","14":"tag-fr","15":"tag-france","16":"tag-gironde","17":"tag-news","18":"tag-nouvelle-aquitaine","19":"tag-previsions-meteo","20":"tag-republique-francaise"},"share_on_mastodon":{"url":"https:\/\/pubeurope.com\/@fr\/115007037286026169","error":""},"_links":{"self":[{"href":"https:\/\/www.europesays.com\/fr\/wp-json\/wp\/v2\/posts\/310391","targetHints":{"allow":["GET"]}}],"collection":[{"href":"https:\/\/www.europesays.com\/fr\/wp-json\/wp\/v2\/posts"}],"about":[{"href":"https:\/\/www.europesays.com\/fr\/wp-json\/wp\/v2\/types\/post"}],"author":[{"embeddable":true,"href":"https:\/\/www.europesays.com\/fr\/wp-json\/wp\/v2\/users\/2"}],"replies":[{"embeddable":true,"href":"https:\/\/www.europesays.com\/fr\/wp-json\/wp\/v2\/comments?post=310391"}],"version-history":[{"count":0,"href":"https:\/\/www.europesays.com\/fr\/wp-json\/wp\/v2\/posts\/310391\/revisions"}],"wp:featuredmedia":[{"embeddable":true,"href":"https:\/\/www.europesays.com\/fr\/wp-json\/wp\/v2\/media\/310392"}],"wp:attachment":[{"href":"https:\/\/www.europesays.com\/fr\/wp-json\/wp\/v2\/media?parent=310391"}],"wp:term":[{"taxonomy":"category","embeddable":true,"href":"https:\/\/www.europesays.com\/fr\/wp-json\/wp\/v2\/categories?post=310391"},{"taxonomy":"post_tag","embeddable":true,"href":"https:\/\/www.europesays.com\/fr\/wp-json\/wp\/v2\/tags?post=310391"}],"curies":[{"name":"wp","href":"https:\/\/api.w.org\/{rel}","templated":true}]}}