{"id":310393,"date":"2025-08-10T23:21:10","date_gmt":"2025-08-10T23:21:10","guid":{"rendered":"https:\/\/www.europesays.com\/fr\/310393\/"},"modified":"2025-08-10T23:21:10","modified_gmt":"2025-08-10T23:21:10","slug":"previsions-du-lundi-11-aout-2025-7","status":"publish","type":"post","link":"https:\/\/www.europesays.com\/fr\/310393\/","title":{"rendered":"pr\u00e9visions du lundi 11 ao\u00fbt 2025"},"content":{"rendered":"<p>Aujourd&rsquo;hui, un important soleil rayonnera sur Toulouse. D\u00e8s le matin, les temp\u00e9ratures \u00e9volueront entre 25 et 40\u2009\u00b0C. Un vent de sud-est rafra\u00eechira quelque peu l&rsquo;atmosph\u00e8re. Les temp\u00e9ratures vont monter pendant l&rsquo;apr\u00e8s-midi de plusieurs degr\u00e9s. Prenez garde \u00e0 la vague de chaleur. Des valeurs de 42 \u00e0 43\u00b0C sont pr\u00e9vues. La soir\u00e9e va se trouver tr\u00e8s chaude : pr\u00e8s de 40\u00b0C. Durant la nuit de lundi \u00e0 mardi, le ciel sera limpide.<\/p>\n<p>Un beau soleil est pr\u00e9vu demain \u00e0 Toulouse. Une diminution du mercure est \u00e0 craindre. Les grosses chaleurs sont install\u00e9es. Avec des temp\u00e9ratures comprises entre 20 et 42\u00b0C. Une modeste brise de nord-est sera ressentie par les habitants. L&rsquo;\u00e9pisode de fortes chaleurs est bien l\u00e0, avec des valeurs qui pourront aller \u00e0 37\u00b0C le matin. Une m\u00e9t\u00e9o plus chaude est pr\u00e9vue demain apr\u00e8s-midi puisque le mercure va conna\u00eetre une augmentation. Les temp\u00e9ratures maximums annonc\u00e9es sont \u00e9lev\u00e9es, avec 42\u00b0C. La ville va p\u00e2tir d&rsquo;importantes chaleurs avec des valeurs qui devraient grimper jusqu&rsquo;\u00e0 38\u00b0C demain soir.<\/p>\n<p>Peu d&rsquo;\u00e9volutions pour la suite. Des temp\u00e9ratures dans les 38\u00b0C accompagneront un ciel ensoleill\u00e9.<\/p>\n<p>En cas de forte chaleur, il est bon de se rafra\u00eechir par n&rsquo;importe quel moyen. Hydratez-vous bien, prenez des douches r\u00e9guli\u00e8rement, uilisez un brumisateur et tenez vos volets ferm\u00e9s pendant la journ\u00e9e.<\/p>\n","protected":false},"excerpt":{"rendered":"Aujourd&rsquo;hui, un important soleil rayonnera sur Toulouse. D\u00e8s le matin, les temp\u00e9ratures \u00e9volueront entre 25 et 40\u2009\u00b0C. Un&hellip;\n","protected":false},"author":2,"featured_media":310394,"comment_status":"","ping_status":"","sticky":false,"template":"","format":"standard","meta":{"footnotes":""},"categories":[2816],"tags":[1111,11,1777,674,1011,27,2722,2721,12,2680,2119,25,2312],"class_list":{"0":"post-310393","1":"post","2":"type-post","3":"status-publish","4":"format-standard","5":"has-post-thumbnail","7":"category-toulouse","8":"tag-actu","9":"tag-actualites","10":"tag-eu","11":"tag-europe","12":"tag-fr","13":"tag-france","14":"tag-haute-garonne","15":"tag-midi-pyrenees","16":"tag-news","17":"tag-occitanie","18":"tag-previsions-meteo","19":"tag-republique-francaise","20":"tag-toulouse"},"share_on_mastodon":{"url":"https:\/\/pubeurope.com\/@fr\/115007041297054989","error":""},"_links":{"self":[{"href":"https:\/\/www.europesays.com\/fr\/wp-json\/wp\/v2\/posts\/310393","targetHints":{"allow":["GET"]}}],"collection":[{"href":"https:\/\/www.europesays.com\/fr\/wp-json\/wp\/v2\/posts"}],"about":[{"href":"https:\/\/www.europesays.com\/fr\/wp-json\/wp\/v2\/types\/post"}],"author":[{"embeddable":true,"href":"https:\/\/www.europesays.com\/fr\/wp-json\/wp\/v2\/users\/2"}],"replies":[{"embeddable":true,"href":"https:\/\/www.europesays.com\/fr\/wp-json\/wp\/v2\/comments?post=310393"}],"version-history":[{"count":0,"href":"https:\/\/www.europesays.com\/fr\/wp-json\/wp\/v2\/posts\/310393\/revisions"}],"wp:featuredmedia":[{"embeddable":true,"href":"https:\/\/www.europesays.com\/fr\/wp-json\/wp\/v2\/media\/310394"}],"wp:attachment":[{"href":"https:\/\/www.europesays.com\/fr\/wp-json\/wp\/v2\/media?parent=310393"}],"wp:term":[{"taxonomy":"category","embeddable":true,"href":"https:\/\/www.europesays.com\/fr\/wp-json\/wp\/v2\/categories?post=310393"},{"taxonomy":"post_tag","embeddable":true,"href":"https:\/\/www.europesays.com\/fr\/wp-json\/wp\/v2\/tags?post=310393"}],"curies":[{"name":"wp","href":"https:\/\/api.w.org\/{rel}","templated":true}]}}