{"id":310401,"date":"2025-08-10T23:25:10","date_gmt":"2025-08-10T23:25:10","guid":{"rendered":"https:\/\/www.europesays.com\/fr\/310401\/"},"modified":"2025-08-10T23:25:10","modified_gmt":"2025-08-10T23:25:10","slug":"previsions-du-lundi-11-aout-2025-9","status":"publish","type":"post","link":"https:\/\/www.europesays.com\/fr\/310401\/","title":{"rendered":"pr\u00e9visions du lundi 11 ao\u00fbt 2025"},"content":{"rendered":"<p>C&rsquo;est un soleil magnifique qui va se montrer aujourd&rsquo;hui sur Marseille. Il va faire 28\u00b0C en moyenne. Le matin, le mercure affichera 28\u00b0C en moyenne. Un vent de sud-ouest soufflera l\u00e9g\u00e8rement. Les valeurs maximales pr\u00e9vues l&rsquo;apr\u00e8s-midi sont importantes, avec 30\u00b0C. Les temp\u00e9ratures iront de 29 \u00e0 30\u00b0C. Les valeurs avoisineront les 28\u00b0C au cours de la soir\u00e9e. Durant la nuit de lundi \u00e0 mardi, le ciel sera d\u00e9pourvu de nuages.<\/p>\n<p>Un beau soleil est attendu demain \u00e0 Marseille. La m\u00e9t\u00e9o va se r\u00e9chauffer avec une augmentation de quelques degr\u00e9s. Les temp\u00e9ratures \u00e9volueront entre 26 et 31\u2009\u00b0C. Les valeurs s&rsquo;\u00e9chelonneront entre 26 et 31\u00b0C. Un vent de sud-ouest rafra\u00eechira sensiblement l&rsquo;atmosph\u00e8re. Les fortes chaleurs sont pr\u00e9sentes. Avec des temp\u00e9ratures \u00e9chelonn\u00e9es entre 27 et 31\u00b0C. Le matin, les valeurs afficheront entre 27 et 31\u00b0C. La p\u00e9riode de grosses chaleurs est bien l\u00e0, avec des temp\u00e9ratures qui risqueront de monter jusqu&rsquo;\u00e0 30\u00b0C demain apr\u00e8s-midi. Les valeurs seront comprises entre 27\u00b0C et 29\u00b0C dans la soir\u00e9e.<\/p>\n<p>La m\u00e9t\u00e9o restera stable les prochains jours. Il fera 30\u00b0C en moyenne pour des journ\u00e9es avec une m\u00e9t\u00e9o ensoleill\u00e9e.<\/p>\n<p><\/p>\n","protected":false},"excerpt":{"rendered":"C&rsquo;est un soleil magnifique qui va se montrer aujourd&rsquo;hui sur Marseille. Il va faire 28\u00b0C en moyenne. Le&hellip;\n","protected":false},"author":2,"featured_media":310402,"comment_status":"","ping_status":"","sticky":false,"template":"","format":"standard","meta":{"footnotes":""},"categories":[2814],"tags":[1111,11,885,1777,674,1011,27,884,12,883,2119,882,25],"class_list":{"0":"post-310401","1":"post","2":"type-post","3":"status-publish","4":"format-standard","5":"has-post-thumbnail","7":"category-marseille","8":"tag-actu","9":"tag-actualites","10":"tag-bouches-du-rhone","11":"tag-eu","12":"tag-europe","13":"tag-fr","14":"tag-france","15":"tag-marseille","16":"tag-news","17":"tag-paca","18":"tag-previsions-meteo","19":"tag-provence-alpes-cote-dazur","20":"tag-republique-francaise"},"share_on_mastodon":{"url":"https:\/\/pubeurope.com\/@fr\/115007056986715433","error":""},"_links":{"self":[{"href":"https:\/\/www.europesays.com\/fr\/wp-json\/wp\/v2\/posts\/310401","targetHints":{"allow":["GET"]}}],"collection":[{"href":"https:\/\/www.europesays.com\/fr\/wp-json\/wp\/v2\/posts"}],"about":[{"href":"https:\/\/www.europesays.com\/fr\/wp-json\/wp\/v2\/types\/post"}],"author":[{"embeddable":true,"href":"https:\/\/www.europesays.com\/fr\/wp-json\/wp\/v2\/users\/2"}],"replies":[{"embeddable":true,"href":"https:\/\/www.europesays.com\/fr\/wp-json\/wp\/v2\/comments?post=310401"}],"version-history":[{"count":0,"href":"https:\/\/www.europesays.com\/fr\/wp-json\/wp\/v2\/posts\/310401\/revisions"}],"wp:featuredmedia":[{"embeddable":true,"href":"https:\/\/www.europesays.com\/fr\/wp-json\/wp\/v2\/media\/310402"}],"wp:attachment":[{"href":"https:\/\/www.europesays.com\/fr\/wp-json\/wp\/v2\/media?parent=310401"}],"wp:term":[{"taxonomy":"category","embeddable":true,"href":"https:\/\/www.europesays.com\/fr\/wp-json\/wp\/v2\/categories?post=310401"},{"taxonomy":"post_tag","embeddable":true,"href":"https:\/\/www.europesays.com\/fr\/wp-json\/wp\/v2\/tags?post=310401"}],"curies":[{"name":"wp","href":"https:\/\/api.w.org\/{rel}","templated":true}]}}