{"id":310405,"date":"2025-08-10T23:27:15","date_gmt":"2025-08-10T23:27:15","guid":{"rendered":"https:\/\/www.europesays.com\/fr\/310405\/"},"modified":"2025-08-10T23:27:15","modified_gmt":"2025-08-10T23:27:15","slug":"quelles-sont-les-pires-et-meilleures-gares-de-france","status":"publish","type":"post","link":"https:\/\/www.europesays.com\/fr\/310405\/","title":{"rendered":"quelles sont les pires et meilleures gares de France?"},"content":{"rendered":"<p>A l&rsquo;heure des chass\u00e9-crois\u00e9 dans les gares de France, quelles sont celles que les voyageurs pr\u00e9f\u00e8rent\u00a0? Lesquelles sont les plus s\u00fbres, les plus propres, celles o\u00f9 il est le plus facile de s&rsquo;orienter\u2026\u00a0Le barom\u00e8tre de satisfaction des usagers (voyageurs ou accompagnants) leur permet de noter, interrog\u00e9s en face \u00e0 face dans une gare, les sept promesses commerciales sur une \u00e9chelle de 1 \u00e0 10.<\/p>\n<p>Les gares que vous fr\u00e9quentez sont-elles dans le palmar\u00e8s des bons ou des mauvais \u00e9l\u00e8ves\u00a0? D\u00e9couvrez leurs notes lors de la derni\u00e8re campagne.<\/p>\n<p class=\"insetTitle\">Les 7 promesses du Barom\u00e8tre<\/p>\n<p><strong>\u2022 Promesse 1 :<\/strong> les informations<br \/><strong>\u2022\u00a0Promesse 2 :<\/strong> les d\u00e9placements<br \/>\u2022<strong>\u00a0<\/strong><strong>Promesse 3 :<\/strong> la propret\u00e9 et la s\u00fbret\u00e9<br \/><strong>\u2022\u00a0Promesse 4 :<\/strong> le confort de l&rsquo;attente<br \/><strong>\u2022\u00a0Promesse 5 :<\/strong> les commerces et les services<br \/><strong>\u2022\u00a0Promesse 6 :<\/strong> l\u2019architecture et les animations<br \/><strong>\u2022\u00a0Promesse 7 :<\/strong> la mobilit\u00e9 durable<\/p>\n<p class=\"note\">Selon la SNCF, \u00ab <a href=\"https:\/\/data.sncf.com\/explore\/dataset\/barometre-client\/information\/\" target=\"_blank\" rel=\"noopener\">ces mesures<\/a> sont r\u00e9alis\u00e9es dans les\u00a0122\u00a0plus grandes gares avec une fr\u00e9quence variant de\u00a01 \u00e0 4\u00a0vagues annuelles selon la taille de la gare. Dans la majorit\u00e9 des gares, 280 questionnaires sont r\u00e9alis\u00e9s, 560\u00a0dans les six grandes gares parisiennes, Lyon Part-Dieu et Marseille\u00a0\u00bb.<\/p>\n<p>  Villefranche-sur-Sa\u00f4ne : la gare dans le top 10 des moins satisfaisantes<\/p>\n<p>Avec une note de satisfaction globale de 7,07 sur 10, les voyageurs ou accompagnants interrog\u00e9s pour le Barom\u00e8tre ont jug\u00e9 s\u00e9v\u00e8rement la gare de Villefranche-sur-Sa\u00f4ne (7e moins bonne position sur 130 gares audit\u00e9es).<\/p>\n<p>La station qui a accueilli 2,8\u00a0millions de voyageurs en 2024, et plus de 3.2 millions de personnes au total, est p\u00e9nalis\u00e9e notamment (dans les\u00a010 moins bien not\u00e9es en France) par\u00a0son manque d&rsquo;\u00e9quipements pratiques\u00a0: confort d&rsquo;attente, services autour du voyage, services du quotidien&#8230; Et\u00a0affiche un modeste taux en mati\u00e8re de propret\u00e9 : 91.3% de conformit\u00e9, loin des\u00a098,5% de Lyon Part-Dieu.<\/p>\n<p>  &#13;<br \/>\n      <a href=\"https:\/\/cdn-s-www.leprogres.fr\/images\/a63ea822-1940-4f0b-8098-2121496a30ae\/NW_raw\/photo-maxime-jegat-1753177509.jpg\" title=\"Photo Maxime Jegat\" class=\"chocolat-image GA-tracking\" data-ga_type=\"click\" data-ga_category=\"D\u00e9tail\" data-ga_action=\"zoomer\" data-ga_label=\"agrandir image\" target=\"_blank\" rel=\"noopener\">&#13;<br \/>\n          <img loading=\"lazy\" decoding=\"async\" src=\"https:\/\/www.europesays.com\/fr\/wp-content\/uploads\/2025\/08\/photo-maxime-jegat-1753177509.jpg\" data-mobile=\"NW_listC_M|1753177509\" data-base=\"NW_listC|1753177509\" alt=\"Photo Maxime Jegat\"\/>&#13;<br \/>\n      <\/a>&#13;<\/p>\n<p>Photo Maxime Jegat<\/p>\n<p>&#13;<\/p>\n<p>  Lyon Part-Dieu p\u00e9nalis\u00e9e par les travaux<\/p>\n<p>La longue campagne de travaux de r\u00e9novation de la gare de Lyon-Part-Dieu impacte pour l&rsquo;instant toutes ses notes dans le Barom\u00e8tre (11e moins bien class\u00e9e sur 130 gares en satisfaction globale)&#8230;<\/p>\n<p>Les usagers interrog\u00e9s ont notamment estim\u00e9 que l&rsquo;efficacit\u00e9 (informations, d\u00e9placements, orientation&#8230;) n&rsquo;\u00e9tait actuellement pas \u00e0 la hauteur pour cette gare (7e moins bonne position) alors qu&rsquo;elle accueille plus de 42 millions de voyageurs, et plus de 56 millions de personnes en 2024.<\/p>\n<p>Une fr\u00e9quentation qui la place en 6e place des gares fran\u00e7aises, derri\u00e8re les parisiennes. Lyon Part-Dieu figure aussi dans les 20 moins bien not\u00e9es sur toutes les autres promesses \u00e9tudi\u00e9es, notamment le confort d&rsquo;attente, le bien-\u00eatre en gare, les services&#8230;<\/p>\n<p>  &#13;<br \/>\n      <a href=\"https:\/\/cdn-s-www.leprogres.fr\/images\/a0ab1b27-72bc-40d0-b76a-651b03cbd86b\/NW_raw\/photo-pierre-yves-royet-1753194248.jpg\" title=\"Photo Pierre-Yves Royet\" class=\"chocolat-image GA-tracking\" data-ga_type=\"click\" data-ga_category=\"D\u00e9tail\" data-ga_action=\"zoomer\" data-ga_label=\"agrandir image\" target=\"_blank\" rel=\"noopener\">&#13;<br \/>\n          <img loading=\"lazy\" decoding=\"async\" src=\"https:\/\/www.europesays.com\/fr\/wp-content\/uploads\/2025\/08\/photo-pierre-yves-royet-1753194248.jpg\" data-mobile=\"NW_listC_M|1753194248\" data-base=\"NW_listC|1753194248\" alt=\"Photo Pierre-Yves Royet\"\/>&#13;<br \/>\n      <\/a>&#13;<\/p>\n<p>Photo Pierre-Yves Royet<\/p>\n<p>&#13;<\/p>\n<p>  Bourg-en-Bresse\u00a0:\u00a0une gare parmi les\u00a0plus \u00ab\u00a0pratiques \u00bb<\/p>\n<p>La gare de Bourg-en-Bresse figure en\u00a0deuxi\u00e8me position du classement pour l&rsquo;aspect pratique (confort de l&rsquo;attente, services&#8230;) dans le barom\u00e8tre. Elle est \u00e9galement bien not\u00e9e par les usagers pour son efficacit\u00e9 (pr\u00e8s de 9 sur 10) : qualit\u00e9 des informations, facilit\u00e9 d&rsquo;orientation et de d\u00e9placement, propret\u00e9 et s\u00e9curit\u00e9&#8230; Pour autant, sa note de satisfaction globale n&rsquo;est que de 7,77\/10.<\/p>\n<p>  &#13;<br \/>\n      <a href=\"https:\/\/cdn-s-www.leprogres.fr\/images\/97dfe727-0bd9-46e4-a469-541d90952b72\/NW_raw\/photo-maxime-jegat-1753290767.jpg\" title=\"Photo Maxime Jegat\" class=\"chocolat-image GA-tracking\" data-ga_type=\"click\" data-ga_category=\"D\u00e9tail\" data-ga_action=\"zoomer\" data-ga_label=\"agrandir image\" target=\"_blank\" rel=\"noopener\">&#13;<br \/>\n          <img loading=\"lazy\" decoding=\"async\" src=\"https:\/\/www.europesays.com\/fr\/wp-content\/uploads\/2025\/08\/photo-maxime-jegat-1753290767.jpg\" data-mobile=\"NW_listC_M|1753290767\" data-base=\"NW_listC|1753290767\" alt=\"Photo Maxime Jegat\"\/>&#13;<br \/>\n      <\/a>&#13;<\/p>\n<p>Photo Maxime Jegat<\/p>\n<p>&#13;<\/p>\n<p>  Lyon Perrache en 15e position des moins bien not\u00e9es<\/p>\n<p>Souvent mieux not\u00e9e que Lyon Part-Dieu, la deuxi\u00e8me gare lyonnaise n&rsquo;est pas pour autant \u00e9pargn\u00e9e par les mauvaises notes attribu\u00e9es dans le Barom\u00e8tre. A l&rsquo;issue des questionnaires elle pointe \u00e0 la 15e position des moins bien class\u00e9es. Pour les usagers interrog\u00e9s, notamment, l&rsquo;aspect pratique n&rsquo;est pas au rendez-vous, tout comme l&rsquo;accessibilit\u00e9 et la mobilit\u00e9 durable. Le hub de Lyon Perrache a accueilli 8 millions de voyageurs en 2024. En mati\u00e8re de propret\u00e9, Lyon Perrache affiche un taux de conformit\u00e9 tr\u00e8s honorable de 97.7% en juin 2025.<\/p>\n<p class=\"insetTitle\">Propret\u00e9 en gare : La Part Dieu et Ch\u00e2teaucreux bien not\u00e9es<\/p>\n<p>Lors du dernier audit, en juin 2025, Lyon Part-Dieu affichait le meilleur taux de conformit\u00e9 des gares lyonnaises en mati\u00e8re de propret\u00e9 (98,5%), et Lyon Jean-Mac\u00e9 le plus mauvais (94.9%). Saint-Etienne Ch\u00e2teaucreux affiche un honorable 97,9%, alors que Saint-Etienne Bellevue n&rsquo;obtient qu&rsquo;un modeste 95%. Tout comme la gare de Bourg-en-Bresse, ou celle de Roanne. La station de Lons-le-Saunier se voit attribuer un 97.1%.<\/p>\n<p class=\"note\"><a href=\"https:\/\/data.sncf.com\/explore\/dataset\/proprete-en-gare\/table\/?sort=mois\" target=\"_blank\" rel=\"noopener\">Contr\u00f4les de propret\u00e9 en gare\u00a0(SNCF Open Data<\/a>)<\/p>\n","protected":false},"excerpt":{"rendered":"A l&rsquo;heure des chass\u00e9-crois\u00e9 dans les gares de France, quelles sont celles que les voyageurs pr\u00e9f\u00e8rent\u00a0? Lesquelles sont&hellip;\n","protected":false},"author":2,"featured_media":310406,"comment_status":"","ping_status":"","sticky":false,"template":"","format":"standard","meta":{"footnotes":""},"categories":[1889],"tags":[1111,11,2430,12163,1777,674,107,1011,27,329,2428,12,25,273,104,602,2803],"class_list":{"0":"post-310405","1":"post","2":"type-post","3":"status-publish","4":"format-standard","5":"has-post-thumbnail","7":"category-lyon","8":"tag-actu","9":"tag-actualites","10":"tag-auvergne-rhone-alpes","11":"tag-data","12":"tag-eu","13":"tag-europe","14":"tag-fil-info","15":"tag-fr","16":"tag-france","17":"tag-france-monde","18":"tag-lyon","19":"tag-news","20":"tag-republique-francaise","21":"tag-selection-de-la-redaction","22":"tag-societe","23":"tag-tourisme","24":"tag-transport"},"share_on_mastodon":{"url":"https:\/\/pubeurope.com\/@fr\/115007064941659294","error":""},"_links":{"self":[{"href":"https:\/\/www.europesays.com\/fr\/wp-json\/wp\/v2\/posts\/310405","targetHints":{"allow":["GET"]}}],"collection":[{"href":"https:\/\/www.europesays.com\/fr\/wp-json\/wp\/v2\/posts"}],"about":[{"href":"https:\/\/www.europesays.com\/fr\/wp-json\/wp\/v2\/types\/post"}],"author":[{"embeddable":true,"href":"https:\/\/www.europesays.com\/fr\/wp-json\/wp\/v2\/users\/2"}],"replies":[{"embeddable":true,"href":"https:\/\/www.europesays.com\/fr\/wp-json\/wp\/v2\/comments?post=310405"}],"version-history":[{"count":0,"href":"https:\/\/www.europesays.com\/fr\/wp-json\/wp\/v2\/posts\/310405\/revisions"}],"wp:featuredmedia":[{"embeddable":true,"href":"https:\/\/www.europesays.com\/fr\/wp-json\/wp\/v2\/media\/310406"}],"wp:attachment":[{"href":"https:\/\/www.europesays.com\/fr\/wp-json\/wp\/v2\/media?parent=310405"}],"wp:term":[{"taxonomy":"category","embeddable":true,"href":"https:\/\/www.europesays.com\/fr\/wp-json\/wp\/v2\/categories?post=310405"},{"taxonomy":"post_tag","embeddable":true,"href":"https:\/\/www.europesays.com\/fr\/wp-json\/wp\/v2\/tags?post=310405"}],"curies":[{"name":"wp","href":"https:\/\/api.w.org\/{rel}","templated":true}]}}