{"id":310407,"date":"2025-08-10T23:28:11","date_gmt":"2025-08-10T23:28:11","guid":{"rendered":"https:\/\/www.europesays.com\/fr\/310407\/"},"modified":"2025-08-10T23:28:11","modified_gmt":"2025-08-10T23:28:11","slug":"previsions-du-lundi-11-aout-2025-10","status":"publish","type":"post","link":"https:\/\/www.europesays.com\/fr\/310407\/","title":{"rendered":"pr\u00e9visions du lundi 11 ao\u00fbt 2025"},"content":{"rendered":"<p>Un superbe soleil va briller sur Lyon et ce, tout au long de la journ\u00e9e. Les maximales iront jusqu&rsquo;\u00e0 36\u00b0C et les minimales seront de 19\u00b0C. Un vent de nord-est rafra\u00eechira quelque peu l&rsquo;atmosph\u00e8re. La p\u00e9riode de fortes chaleurs est bien l\u00e0, avec des temp\u00e9ratures qui pourront monter \u00e0 32\u00b0C le matin. L&rsquo;apr\u00e8s-midi, c&rsquo;est une hausse de plusieurs degr\u00e9s que vont enregistrer les temp\u00e9ratures. De tr\u00e8s grosses chaleurs (entre 34\u00b0C et 36\u00b0C) sont annonc\u00e9es. Les importantes chaleurs sont install\u00e9es. Avec des valeurs \u00e9chelonn\u00e9es entre 27 et 32\u00b0C. Entre lundi et mardi, la nuit sera claire.<\/p>\n<p>Demain, les Lyonnais vont pouvoir profiter d&rsquo;un soleil radieux. Un temps plus chaud est \u00e0 pr\u00e9voir \u00e9tant donn\u00e9 que les temp\u00e9ratures vont conna\u00eetre une augmentation. Les valeurs maximales attendues sont \u00e9lev\u00e9es, avec 40\u00b0C. Une petite brise de nord-est sera ressentie par les habitants. La ville va conna\u00eetre, le matin, un passage de fortes chaleurs avec des valeurs qui atteindront parfois les 36\u00b0C. La m\u00e9t\u00e9o va se r\u00e9chauffer demain apr\u00e8s-midi avec une hausse de plusieurs degr\u00e9s. Les temp\u00e9ratures \u00e9volueront entre 38 et 40\u2009\u00b0C. Attention \u00e0 la vague de chaud dans la soir\u00e9e. Des valeurs de 29 \u00e0 35\u00b0C sont pr\u00e9vues.<\/p>\n<p>Les jours suivants s&rsquo;annoncent identiques. Des temp\u00e9ratures dans les 38\u00b0C accompagneront un ciel ensoleill\u00e9.<\/p>\n<p>Prenez vos dispositions face \u00e0 la chaleur de l&rsquo;\u00e9t\u00e9 : il ne faut pas oublier de s&rsquo;hydrater, \u00e9viter de s&rsquo;exposer au soleil pendant les heures les plus chaudes et se rafra\u00eechir avec un brumisateur ou un linge mouill\u00e9. Soyez attentif aux personnes sensibles dans votre entourage.<\/p>\n","protected":false},"excerpt":{"rendered":"Un superbe soleil va briller sur Lyon et ce, tout au long de la journ\u00e9e. Les maximales iront&hellip;\n","protected":false},"author":2,"featured_media":310408,"comment_status":"","ping_status":"","sticky":false,"template":"","format":"standard","meta":{"footnotes":""},"categories":[1889],"tags":[1111,11,2430,1777,674,1011,27,2428,12,2119,25,2429,2431],"class_list":{"0":"post-310407","1":"post","2":"type-post","3":"status-publish","4":"format-standard","5":"has-post-thumbnail","7":"category-lyon","8":"tag-actu","9":"tag-actualites","10":"tag-auvergne-rhone-alpes","11":"tag-eu","12":"tag-europe","13":"tag-fr","14":"tag-france","15":"tag-lyon","16":"tag-news","17":"tag-previsions-meteo","18":"tag-republique-francaise","19":"tag-rhone","20":"tag-rhone-alpes"},"share_on_mastodon":{"url":"https:\/\/pubeurope.com\/@fr\/115007068735940721","error":""},"_links":{"self":[{"href":"https:\/\/www.europesays.com\/fr\/wp-json\/wp\/v2\/posts\/310407","targetHints":{"allow":["GET"]}}],"collection":[{"href":"https:\/\/www.europesays.com\/fr\/wp-json\/wp\/v2\/posts"}],"about":[{"href":"https:\/\/www.europesays.com\/fr\/wp-json\/wp\/v2\/types\/post"}],"author":[{"embeddable":true,"href":"https:\/\/www.europesays.com\/fr\/wp-json\/wp\/v2\/users\/2"}],"replies":[{"embeddable":true,"href":"https:\/\/www.europesays.com\/fr\/wp-json\/wp\/v2\/comments?post=310407"}],"version-history":[{"count":0,"href":"https:\/\/www.europesays.com\/fr\/wp-json\/wp\/v2\/posts\/310407\/revisions"}],"wp:featuredmedia":[{"embeddable":true,"href":"https:\/\/www.europesays.com\/fr\/wp-json\/wp\/v2\/media\/310408"}],"wp:attachment":[{"href":"https:\/\/www.europesays.com\/fr\/wp-json\/wp\/v2\/media?parent=310407"}],"wp:term":[{"taxonomy":"category","embeddable":true,"href":"https:\/\/www.europesays.com\/fr\/wp-json\/wp\/v2\/categories?post=310407"},{"taxonomy":"post_tag","embeddable":true,"href":"https:\/\/www.europesays.com\/fr\/wp-json\/wp\/v2\/tags?post=310407"}],"curies":[{"name":"wp","href":"https:\/\/api.w.org\/{rel}","templated":true}]}}