{"id":310411,"date":"2025-08-10T23:31:11","date_gmt":"2025-08-10T23:31:11","guid":{"rendered":"https:\/\/www.europesays.com\/fr\/310411\/"},"modified":"2025-08-10T23:31:11","modified_gmt":"2025-08-10T23:31:11","slug":"les-agriculteurs-en-premiere-ligne","status":"publish","type":"post","link":"https:\/\/www.europesays.com\/fr\/310411\/","title":{"rendered":"les agriculteurs en premi\u00e8re ligne"},"content":{"rendered":"<p>            lire plus tard<\/p>\n<p id=\"dialog__title\" class=\"dialog__title\">Pour sauvegarder cet article, connectez-vous ou cr\u00e9ez un compte franceinfo<\/p>\n<p class=\"dialog__description\">Sans paiement. Sans abonnement.<\/p>\n<p>        Fermer la fen\u00eatre d\u2019activation des notifications France Info<\/p>\n<p>            cr\u00e9er votre compte<\/p>\n<p>            se connecter<\/p>\n<p>        Fermer la fen\u00eatre de pr\u00e9sentation<\/p>\n<p>    Publi\u00e9 le 10\/08\/2025 21:13<\/p>\n<p>        Temps de lecture : 2min &#8211; vid\u00e9o : 2min<\/p>\n<p>    <img decoding=\"async\" class=\"francetv-player-wrapper__image\" alt=\"Canicule : les agriculteurs en premi\u00e8re ligne\"  width=\"432\" height=\"243\" src=\"https:\/\/www.europesays.com\/fr\/wp-content\/uploads\/2025\/08\/agriculteurs-6898ed10602c1810284350.png\" fetchpriority=\"high\"\/><\/p>\n<p>              Canicule : les agriculteurs en premi\u00e8re ligne<br \/>\n                    (France 2)<\/p>\n<p>      2min<\/p>\n<p>\n  L&rsquo;\u00e9pisode caniculaire frappe de plein fouet le monde agricole, d\u00e9j\u00e0 durement touch\u00e9 par la s\u00e9cheresse. Dans le Lot, un nouveau pic de chaleur ab\u00eeme les r\u00e9coltes et fait souffrir les b\u00eates.\n<\/p>\n<p><strong>Ce texte correspond \u00e0 une partie de la retranscription du reportage ci-dessus. Cliquez sur la vid\u00e9o pour la regarder en int\u00e9gralit\u00e9.<\/strong><\/p>\n<p>En 2025, la terre est poussi\u00e8re. Dans le sud du Lot, Laurent Carles attend la pluie depuis un mois et demi. Sur un plateau calcaire, il n&rsquo;a pas d&rsquo;acc\u00e8s \u00e0 l&rsquo;irrigation. \u00ab\u00a0C&rsquo;est vraiment des terrains pauvres, il n&rsquo;y a pas d&rsquo;eau. Et l\u00e0, c&rsquo;est vraiment la pluie qui doit faire le boulot. On le voit bien, la coque ne fait m\u00eame pas 10 cm. La r\u00e9colte sera catastrophique\u00a0\u00bb, a-t-il affirm\u00e9, d\u00e9sesp\u00e9r\u00e9.<\/p>\n<p>Le c\u00e9r\u00e9alier estime qu&rsquo;il va perdre la moiti\u00e9 de sa production de tournesols. Le manque d&rsquo;eau et la <a rel=\"noopener noreferrer nofollow\" href=\"https:\/\/www.franceinfo.fr\/environnement\/evenements-meteorologiques-extremes\/vagues-de-chaleur-canicules\/vague-de-chaleur-les-agriculteurs-particulierement-touches_7328517.html\" target=\"_blank\">canicule<\/a>, il les a d\u00e9j\u00e0 subis en juin dernier. Cons\u00e9quence : la r\u00e9colte des bl\u00e9s, elle aussi, a \u00e9t\u00e9 mauvaise. \u00ab\u00a0Il y a un manque \u00e0 gagner de 20 % par rapport aux autres ann\u00e9es, li\u00e9 au climat. De fin mai \u00e0 d\u00e9but juin, quand le bl\u00e9 \u00e9tait en fleur, la canicule a fait du mal\u00a0\u00bb, a-t-il expliqu\u00e9.<\/p>\n<p>Certains ne veulent pas payer le prix cher des canicules et de leurs cons\u00e9quences, \u00e0 l&rsquo;image de Kevin Blanjou, le jeune c\u00e9r\u00e9alier continue \u00e0 irriguer ses parcelles de ma\u00efs, malgr\u00e9 une interdiction totale. \u00ab\u00a0On s&rsquo;expose \u00e0 des amendes, mais est-ce qu&rsquo;il faut s&rsquo;exposer \u00e0 \u00e7a ou \u00e0 la fin de l&rsquo;ann\u00e9e ne pas r\u00e9ussir \u00e0 finir l&rsquo;ann\u00e9e ? Je prends le risque, je veux sauver mon exploitation\u00a0\u00bb, a-t-il confi\u00e9. L&rsquo;amende est de 1 500 euros, 3000 en cas de r\u00e9cidive. Pour Kevin Blanjoux, peu importe, il doit tenir 15 jours avant la r\u00e9colte. \u00ab\u00a0De toute fa\u00e7on, il y a la rentabilit\u00e9 de l&rsquo;exploitation. Est-ce qu&rsquo;il faut arr\u00eater ? Personne ne va venir nous compenser. Si on arr\u00eate d&rsquo;arroser, personne ne va venir nous dire : &lsquo;Bon, vous n&rsquo;avez pas r\u00e9ussi, on va vous aider&rsquo;. Le quoi qu&rsquo;il en co\u00fbte, il n&rsquo;est pas pour les paysans\u00a0\u00bb, a \u00e9galement ajout\u00e9 le c\u00e9r\u00e9alier.<\/p>\n<p>Il va donc continuer \u00e0 puiser l&rsquo;eau dans une nappe phr\u00e9atique qu&rsquo;alimente une rivi\u00e8re. Sans cette eau, cet agriculteur estime qu&rsquo;il aurait une perte de 75 000 euros sur ses 25 hectares de ma\u00efs, de quoi couler son exploitation.<\/p>\n","protected":false},"excerpt":{"rendered":"lire plus tard Pour sauvegarder cet article, connectez-vous ou cr\u00e9ez un compte franceinfo Sans paiement. Sans abonnement. Fermer&hellip;\n","protected":false},"author":2,"featured_media":310412,"comment_status":"","ping_status":"","sticky":false,"template":"","format":"standard","meta":{"footnotes":""},"categories":[1888],"tags":[1111,1928,11,1927,1777,674,1011,27,12,1926,626,1925,25],"class_list":{"0":"post-310411","1":"post","2":"type-post","3":"status-publish","4":"format-standard","5":"has-post-thumbnail","7":"category-paris","8":"tag-actu","9":"tag-actu-paris","10":"tag-actualites","11":"tag-actualites-paris","12":"tag-eu","13":"tag-europe","14":"tag-fr","15":"tag-france","16":"tag-news","17":"tag-news-paris","18":"tag-paris","19":"tag-paris-news","20":"tag-republique-francaise"},"share_on_mastodon":{"url":"https:\/\/pubeurope.com\/@fr\/115007080589292491","error":""},"_links":{"self":[{"href":"https:\/\/www.europesays.com\/fr\/wp-json\/wp\/v2\/posts\/310411","targetHints":{"allow":["GET"]}}],"collection":[{"href":"https:\/\/www.europesays.com\/fr\/wp-json\/wp\/v2\/posts"}],"about":[{"href":"https:\/\/www.europesays.com\/fr\/wp-json\/wp\/v2\/types\/post"}],"author":[{"embeddable":true,"href":"https:\/\/www.europesays.com\/fr\/wp-json\/wp\/v2\/users\/2"}],"replies":[{"embeddable":true,"href":"https:\/\/www.europesays.com\/fr\/wp-json\/wp\/v2\/comments?post=310411"}],"version-history":[{"count":0,"href":"https:\/\/www.europesays.com\/fr\/wp-json\/wp\/v2\/posts\/310411\/revisions"}],"wp:featuredmedia":[{"embeddable":true,"href":"https:\/\/www.europesays.com\/fr\/wp-json\/wp\/v2\/media\/310412"}],"wp:attachment":[{"href":"https:\/\/www.europesays.com\/fr\/wp-json\/wp\/v2\/media?parent=310411"}],"wp:term":[{"taxonomy":"category","embeddable":true,"href":"https:\/\/www.europesays.com\/fr\/wp-json\/wp\/v2\/categories?post=310411"},{"taxonomy":"post_tag","embeddable":true,"href":"https:\/\/www.europesays.com\/fr\/wp-json\/wp\/v2\/tags?post=310411"}],"curies":[{"name":"wp","href":"https:\/\/api.w.org\/{rel}","templated":true}]}}