{"id":310414,"date":"2025-08-10T23:34:16","date_gmt":"2025-08-10T23:34:16","guid":{"rendered":"https:\/\/www.europesays.com\/fr\/310414\/"},"modified":"2025-08-10T23:34:16","modified_gmt":"2025-08-10T23:34:16","slug":"elles-sont-ici-comme-chez-elles-dans-cette-residence-divry-les-retraitees-viennent-prendre-le-frais","status":"publish","type":"post","link":"https:\/\/www.europesays.com\/fr\/310414\/","title":{"rendered":"\u00ab\u00a0Elles sont ici comme chez elles\u00a0\u00bb\u00a0: dans cette r\u00e9sidence d\u2019Ivry, les retrait\u00e9es viennent prendre le frais"},"content":{"rendered":"<p class=\"paragraph text_align_left lp-f-body-02\">Compos\u00e9 de 40 logements de 28 m2 &#8211; avec notamment coin cuisine &#8211; et n\u2019accueillant que des seniors autonomes, l\u2019\u00e9tablissement compte parmi les structures fl\u00e9ch\u00e9es par la ville permettant \u00e0 la population, les jours les plus chauds de l\u2019ann\u00e9e, de s\u2019hydrater et se rafra\u00eechir &#8211; comme le permettent les fontaines, robinets d\u2019eau potable, m\u00e2ts et kiosques brumisateurs dont tout un chacun peut profiter un peu partout \u00e0 Ivry. Figurent aussi dans cette pr\u00e9cieuse liste d\u2019\u00e9tablissements le cin\u00e9ma le Luxy, les m\u00e9diath\u00e8ques de la commune, mais aussi la r\u00e9sidence autonomie Croizat.<\/p>\n","protected":false},"excerpt":{"rendered":"Compos\u00e9 de 40 logements de 28 m2 &#8211; avec notamment coin cuisine &#8211; et n\u2019accueillant que des seniors&hellip;\n","protected":false},"author":2,"featured_media":310415,"comment_status":"","ping_status":"","sticky":false,"template":"","format":"standard","meta":{"footnotes":""},"categories":[1888],"tags":[11,1777,674,1011,27,1944,12,626,25,1125],"class_list":{"0":"post-310414","1":"post","2":"type-post","3":"status-publish","4":"format-standard","5":"has-post-thumbnail","7":"category-paris","8":"tag-actualites","9":"tag-eu","10":"tag-europe","11":"tag-fr","12":"tag-france","13":"tag-ma-ville","14":"tag-news","15":"tag-paris","16":"tag-republique-francaise","17":"tag-val-de-marne"},"share_on_mastodon":{"url":"https:\/\/pubeurope.com\/@fr\/115007092397896484","error":""},"_links":{"self":[{"href":"https:\/\/www.europesays.com\/fr\/wp-json\/wp\/v2\/posts\/310414","targetHints":{"allow":["GET"]}}],"collection":[{"href":"https:\/\/www.europesays.com\/fr\/wp-json\/wp\/v2\/posts"}],"about":[{"href":"https:\/\/www.europesays.com\/fr\/wp-json\/wp\/v2\/types\/post"}],"author":[{"embeddable":true,"href":"https:\/\/www.europesays.com\/fr\/wp-json\/wp\/v2\/users\/2"}],"replies":[{"embeddable":true,"href":"https:\/\/www.europesays.com\/fr\/wp-json\/wp\/v2\/comments?post=310414"}],"version-history":[{"count":0,"href":"https:\/\/www.europesays.com\/fr\/wp-json\/wp\/v2\/posts\/310414\/revisions"}],"wp:featuredmedia":[{"embeddable":true,"href":"https:\/\/www.europesays.com\/fr\/wp-json\/wp\/v2\/media\/310415"}],"wp:attachment":[{"href":"https:\/\/www.europesays.com\/fr\/wp-json\/wp\/v2\/media?parent=310414"}],"wp:term":[{"taxonomy":"category","embeddable":true,"href":"https:\/\/www.europesays.com\/fr\/wp-json\/wp\/v2\/categories?post=310414"},{"taxonomy":"post_tag","embeddable":true,"href":"https:\/\/www.europesays.com\/fr\/wp-json\/wp\/v2\/tags?post=310414"}],"curies":[{"name":"wp","href":"https:\/\/api.w.org\/{rel}","templated":true}]}}