{"id":310420,"date":"2025-08-10T23:37:15","date_gmt":"2025-08-10T23:37:15","guid":{"rendered":"https:\/\/www.europesays.com\/fr\/310420\/"},"modified":"2025-08-10T23:37:15","modified_gmt":"2025-08-10T23:37:15","slug":"kaja-kallas-convoque-une-reunion-eclair-des-ministres-des-affaires-etrangeres-de-lue-sur-lukraine-ce-lundi","status":"publish","type":"post","link":"https:\/\/www.europesays.com\/fr\/310420\/","title":{"rendered":"Kaja Kallas convoque une r\u00e9union \u00e9clair des ministres des Affaires \u00e9trang\u00e8res de l&rsquo;UE sur l&rsquo;Ukraine ce lundi"},"content":{"rendered":"<p>La cheffe de la diplomatie europ\u00e9enne, Kaja Kallas, a d\u00e9clar\u00e9 dimanche que tout accord entre les \u00c9tats-Unis et la Russie devrait impliquer l&rsquo;Ukraine et l&rsquo;UE et a convoqu\u00e9 une r\u00e9union des ministres des affaires \u00e9trang\u00e8res lundi pour discuter des prochaines \u00e9tapes.<\/p>\n<p>\u00ab\u00a0Les \u00c9tats-Unis ont le pouvoir de forcer la Russie \u00e0 n\u00e9gocier s\u00e9rieusement. Tout accord entre les \u00c9tats-Unis et la Russie doit inclure l&rsquo;Ukraine et l&rsquo;UE, car il en va de la s\u00e9curit\u00e9 de l&rsquo;Ukraine et de l&rsquo;ensemble de l&rsquo;Europe\u00a0\u00bb, a-t-elle d\u00e9clar\u00e9.<\/p>\n<p>La r\u00e9union devrait se tenir virtuellement lundi apr\u00e8s-midi et Mme Kallas a d\u00e9clar\u00e9 que les ministres examineraient \u00e9galement l&rsquo;\u00e9volution de la situation au Moyen-Orient et \u00e0 Gaza.<\/p>\n<p>Kaja Kallas a d\u00e9clar\u00e9 que le droit international \u00ab\u00a0est clair : tous les territoires temporairement occup\u00e9s appartiennent \u00e0 l&rsquo;Ukraine\u00a0\u00bb et a averti qu&rsquo;un r\u00e8glement n\u00e9goci\u00e9 ne devait pas ouvrir la voie \u00e0 une nouvelle agression contre l&rsquo;Ukraine, l&rsquo;alliance transatlantique ou l&rsquo;Europe.<\/p>\n<p>Cette d\u00e9claration intervient apr\u00e8s que Donald Trump a d\u00e9clar\u00e9 vendredi qu&rsquo;il <a href=\"https:\/\/fr.news.yahoo.com\/trump-rencontrera-poutine-alaska-semaine-091633776.html\" data-ylk=\"slk:rencontrerait Vladimir Poutine m\u00eame si le dirigeant russe ne rencontrait pas Volodymyr Zelensky;elm:context_link;itc:0;sec:content-canvas;outcm:mb_qualified_link;_E:mb_qualified_link;ct:story;\" class=\"link  yahoo-link\" target=\"_blank\" rel=\"noopener\"><strong>rencontrerait Vladimir Poutine m\u00eame si le dirigeant russe ne rencontrait pas Volodymyr Zelensky<\/strong><\/a>.<\/p>\n<p>Zelensky a pr\u00e9venu que toute n\u00e9gociation visant \u00e0 mettre fin \u00e0 la guerre en Ukraine devait inclure Kyiv.<\/p>\n<p>\u00ab\u00a0Toute d\u00e9cision sans l&rsquo;Ukraine est en m\u00eame temps une d\u00e9cision contre la paix. Elles n&rsquo;apporteront rien. Ce sont des d\u00e9cisions mortes. Elles ne fonctionneront jamais\u00a0\u00bb, a-t-il martel\u00e9.<\/p>\n<p>Samedi tard dans la soir\u00e9e, <a href=\"https:\/\/ec.europa.eu\/commission\/presscorner\/detail\/en\/statement_25_1952\" rel=\"nofollow noopener\" target=\"_blank\" data-ylk=\"slk:les dirigeants de l&#039;UE ont publi\u00e9 une d\u00e9claration;elm:context_link;itc:0;sec:content-canvas\" class=\"link \">les dirigeants de l&rsquo;UE ont publi\u00e9 une d\u00e9claration<\/a> dans laquelle le pr\u00e9sident fran\u00e7ais Macron, la Premi\u00e8re ministre italienne Meloni, le chancelier allemand Merz, le Premier ministre polonais Tusk, le Premier ministre britannique Starmer, la pr\u00e9sidente de la Commission europ\u00e9enne von der Leyen et le pr\u00e9sident finlandais Stubb r\u00e9it\u00e8rent que \u00ab\u00a0la voie vers la paix en Ukraine ne peut \u00eatre d\u00e9cid\u00e9e sans l&rsquo;Ukraine\u00a0\u00bb.<\/p>\n<p>La d\u00e9claration pr\u00e9cise \u00e9galement que \u00ab\u00a0les fronti\u00e8res internationales ne doivent pas \u00eatre modifi\u00e9es par la force\u00a0\u00bb et que la ligne de front actuelle doit \u00eatre \u00ab\u00a0le point de d\u00e9part des n\u00e9gociations\u00a0\u00bb.<\/p>\n<p>Une proposition russe de cessez-le-feu a sugg\u00e9r\u00e9 d&rsquo;\u00e9changer les territoires ukrainiens de Donetsk et de Louhansk contre un cessez-le-feu total.<\/p>\n<p>Des responsables ukrainiens et europ\u00e9ens auraient r\u00e9pondu \u00e0 la proposition de cessez-le-feu de la Russie par une contre-proposition.<\/p>\n<p>Cette proposition, pr\u00e9sent\u00e9e au vice-pr\u00e9sident am\u00e9ricain JD Vance, au secr\u00e9taire d&rsquo;\u00c9tat Marco Rubio, \u00e0 l&rsquo;envoy\u00e9 pour l&rsquo;Ukraine Keith Kellogg et \u00e0 l&rsquo;envoy\u00e9 au Moyen-Orient Steve Witkoff, <a href=\"https:\/\/fr.news.yahoo.com\/lukraine-leurope-essaient-contrecarrer-laxe-070246626.html\" data-ylk=\"slk:r\u00e9affirme que l&#039;Ukraine et l&#039;Europe devraient \u00eatre impliqu\u00e9es dans toute n\u00e9gociation avec la Russie;elm:context_link;itc:0;sec:content-canvas;outcm:mb_qualified_link;_E:mb_qualified_link;ct:story;\" class=\"link  yahoo-link\" target=\"_blank\" rel=\"noopener\"><strong>r\u00e9affirme que l&rsquo;Ukraine et l&rsquo;Europe devraient \u00eatre impliqu\u00e9es dans toute n\u00e9gociation avec la Russie<\/strong><\/a>, tout en exigeant qu&rsquo;un cessez-le-feu soit mis en \u0153uvre avant que d&rsquo;autres mesures ne soient prises.<\/p>\n<p>Cette demande a \u00e9t\u00e9 formul\u00e9e lors d&rsquo;une r\u00e9union avec de hauts responsables am\u00e9ricains au Royaume-Uni samedi, selon les responsables.<\/p>\n","protected":false},"excerpt":{"rendered":"La cheffe de la diplomatie europ\u00e9enne, Kaja Kallas, a d\u00e9clar\u00e9 dimanche que tout accord entre les \u00c9tats-Unis et&hellip;\n","protected":false},"author":2,"featured_media":310421,"comment_status":"","ping_status":"","sticky":false,"template":"","format":"standard","meta":{"footnotes":""},"categories":[1590],"tags":[11,73,1777,674,5493,6336,2489,2288,12,220],"class_list":{"0":"post-310420","1":"post","2":"type-post","3":"status-publish","4":"format-standard","5":"has-post-thumbnail","7":"category-ukraine","8":"tag-actualites","9":"tag-etats-unis","10":"tag-eu","11":"tag-europe","12":"tag-lukraine","13":"tag-la-reunion","14":"tag-la-russie","15":"tag-ministres-des-affaires-etrangeres","16":"tag-news","17":"tag-ukraine"},"share_on_mastodon":{"url":"https:\/\/pubeurope.com\/@fr\/115007104256505793","error":""},"_links":{"self":[{"href":"https:\/\/www.europesays.com\/fr\/wp-json\/wp\/v2\/posts\/310420","targetHints":{"allow":["GET"]}}],"collection":[{"href":"https:\/\/www.europesays.com\/fr\/wp-json\/wp\/v2\/posts"}],"about":[{"href":"https:\/\/www.europesays.com\/fr\/wp-json\/wp\/v2\/types\/post"}],"author":[{"embeddable":true,"href":"https:\/\/www.europesays.com\/fr\/wp-json\/wp\/v2\/users\/2"}],"replies":[{"embeddable":true,"href":"https:\/\/www.europesays.com\/fr\/wp-json\/wp\/v2\/comments?post=310420"}],"version-history":[{"count":0,"href":"https:\/\/www.europesays.com\/fr\/wp-json\/wp\/v2\/posts\/310420\/revisions"}],"wp:featuredmedia":[{"embeddable":true,"href":"https:\/\/www.europesays.com\/fr\/wp-json\/wp\/v2\/media\/310421"}],"wp:attachment":[{"href":"https:\/\/www.europesays.com\/fr\/wp-json\/wp\/v2\/media?parent=310420"}],"wp:term":[{"taxonomy":"category","embeddable":true,"href":"https:\/\/www.europesays.com\/fr\/wp-json\/wp\/v2\/categories?post=310420"},{"taxonomy":"post_tag","embeddable":true,"href":"https:\/\/www.europesays.com\/fr\/wp-json\/wp\/v2\/tags?post=310420"}],"curies":[{"name":"wp","href":"https:\/\/api.w.org\/{rel}","templated":true}]}}