{"id":310422,"date":"2025-08-10T23:38:17","date_gmt":"2025-08-10T23:38:17","guid":{"rendered":"https:\/\/www.europesays.com\/fr\/310422\/"},"modified":"2025-08-10T23:38:17","modified_gmt":"2025-08-10T23:38:17","slug":"douane-les-pharmas-suisses-actionnent-leur-parachute-aux-usa","status":"publish","type":"post","link":"https:\/\/www.europesays.com\/fr\/310422\/","title":{"rendered":"Douane: Les pharmas suisses actionnent leur parachute aux USA"},"content":{"rendered":"<p>Droits de douane \u2013 <\/p>\n<p>Les pharmas suisses actionnent leur parachute aux \u00c9tats-Unis<\/p>\n<p class=\"ContentHead_lead____SsS link_regular__O0hk0 link_externalicon-big__ZdPgo link_externalicon__qcwXs\">Novartis et Roche vont d\u00e9localiser une partie de leur production de m\u00e9dicaments et de leur recherche. Cela va-t-il rench\u00e9rir le prix des m\u00e9dicaments en Suisse?<\/p>\n<p><img loading=\"lazy\" decoding=\"async\" src=\"https:\/\/www.europesays.com\/fr\/wp-content\/uploads\/2025\/08\/1SHAGd944Bn8ZW0B7aBDMc.jpg\"  width=\"100\" height=\"100\"  alt=\"Arthur Grosjean\" class=\"AuthorImage_root__WCxj_ ContentMetaInfo_authorimage__Mp4LD AuthorImage_-content-head__3qDob\" style=\"background-color:#A7A7A7\"\/>Publi\u00e9: 10.08.2025, 16h37<img decoding=\"async\" loading=\"eager\" fetchpriority=\"high\" src=\"https:\/\/www.europesays.com\/fr\/wp-content\/uploads\/2025\/08\/8WwWeCnKquUBXHm3zrNzuB.jpg\" alt=\"Le PDG Vasant Narasimhan de Novartis lors de l\u2019assembl\u00e9e g\u00e9n\u00e9rale \u00e0 la St. Jakobhalle \u00e0 B\u00e2le, le 7 mars 2025.\" title=\"Le PDG Vasant Narasimhan de Novartis lors de l\u2019assembl\u00e9e g\u00e9n\u00e9rale \u00e0 la St. Jakobhalle \u00e0 B\u00e2le, le 7 mars 2025.\" class=\"ResponsiveImage_root__ZDz10 responsive-image\" style=\"background-color:#5F616E\"\/><\/p>\n<p>Le directeur de Novartis, Vasant Narasimhan, veut construire quatre nouveaux sites de production de m\u00e9dicaments aux \u00c9tats-Unis.<\/p>\n<p>Michael Trost<\/p>\n<p>Abonnez-vous d\u00e8s maintenant et profitez de la fonction de lecture audio.<a href=\"https:\/\/bottalk.io\/\" class=\"BottalkPaywall_bottalklink__KDtuf\" target=\"_blank\" rel=\"noreferrer nofollow noopener\">BotTalk<\/a><strong class=\"SummaryList_title__8uifR\">En bref:<\/strong><\/p>\n<ul class=\"SummaryList_list__pEa7M\">\n<li>Novartis planifie quatre nouvelles usines aux \u00c9tats-Unis face aux menaces douani\u00e8res.<\/li>\n<li>Trump exige une baisse des prix sous peine de taxes atteignant 250%.<\/li>\n<li>Roche pr\u00e9voit d\u2019investir 50\u00a0milliards pour d\u00e9velopper sa pr\u00e9sence am\u00e9ricaine.<\/li>\n<li>La r\u00e9gion b\u00e2loise pourrait perdre des emplois \u00e0 la suite \u00e0 ces d\u00e9localisations.<\/li>\n<\/ul>\n<p class=\"ArticleParagraph_root__lhFZo ArticleContainer_content-width__FRl7F link_focus__0ZMwx link_externalicon-big__ZdPgo link_externalicon__qcwXs ArticleElement_article-element__q93eL\">Les pharmas suisses redoutent le gros coup de b\u00e2ton douanier de Donald Trump. Elles vont donc d\u00e9placer en partie leur production de m\u00e9dicaments et leur centre de recherche sur le territoire des \u00c9tats-Unis. La \u00abNZZ am Sonntag\u00bb a d\u00e9voil\u00e9 <a href=\"https:\/\/www.nzz.ch\/wirtschaft\/auf-nach-amerika-in-der-pharmabranche-findet-die-verlagerung-bereits-statt-ld.1896639\" class=\"HtmlText_root__A1OSq\" target=\"_blank\" rel=\"noopener noreferrer nofollow\">dans sa derni\u00e8re \u00e9dition<\/a> le plan de Novartis pour amadouer dans ce sens le pr\u00e9sident am\u00e9ricain.<\/p>\n<p class=\"ArticleParagraph_root__lhFZo ArticleContainer_content-width__FRl7F link_focus__0ZMwx link_externalicon-big__ZdPgo link_externalicon__qcwXs ArticleElement_article-element__q93eL\">Il faut dire que la menace est concr\u00e8te. Donald Trump a \u00e9crit aux multinationales \u00e9trang\u00e8res de la pharma qu\u2019elles subiraient des droits de douane stratosph\u00e9riques jusqu\u2019\u00e0 250% si elles ne baissaient pas rapidement le prix des m\u00e9dicaments aux \u00c9tats-Unis. \u00abSi vous refusez d\u2019agir, nous d\u00e9ploierons tous les moyens \u00e0 notre disposition pour prot\u00e9ger les familles am\u00e9ricaines contre la poursuite des pratiques abusives en mati\u00e8re de prix des m\u00e9dicaments\u00bb, menace-t-il. Et il donne aux pharmas un d\u00e9lai jusqu\u2019\u00e0 la fin septembre pour s\u2019ex\u00e9cuter.<\/p>\n<p class=\"EmbedBlocker_hint__uEF_d\">\u00c0 ce stade, vous trouverez des contenus externes suppl\u00e9mentaires. Si vous acceptez que des cookies soient plac\u00e9s par des fournisseurs externes et que des donn\u00e9es personnelles soient ainsi transmises \u00e0 ces derniers, vous devez autoriser tous les cookies et afficher directement le contenu externe.<\/p>\n<p>Autoriser les cookiesPlus d&rsquo;infos<\/p>\n<p class=\"ArticleParagraph_root__lhFZo ArticleContainer_content-width__FRl7F link_focus__0ZMwx link_externalicon-big__ZdPgo link_externalicon__qcwXs ArticleElement_article-element__q93eL\">\u00c0 B\u00e2le, o\u00f9 la pharma suisse prosp\u00e8re, on a parfaitement compris le message. Et on essaie de se pr\u00e9munir contre des droits de douane punitifs. Comment? En d\u00e9pla\u00e7ant sa production de m\u00e9dicaments pour le march\u00e9 des \u00c9tats-Unis sur le sol am\u00e9ricain. L\u2019entreprise compte y fabriquer le 100% des m\u00e9dicaments importants vendus aux \u00c9tats-Unis, rel\u00e8ve la \u00abNZZ am Sonntag\u00bb.<\/p>\n<p>Quatre nouveaux sites pour Novartis<\/p>\n<p class=\"ArticleParagraph_root__lhFZo ArticleContainer_content-width__FRl7F link_focus__0ZMwx link_externalicon-big__ZdPgo link_externalicon__qcwXs ArticleElement_article-element__q93eL\">Novartis pr\u00e9voit ainsi de construire quatre nouveaux sites de production aux \u00c9tats-Unis: trois pour les m\u00e9dicaments biotechnologiques et un pour les principes actifs chimiques et les comprim\u00e9s. L\u2019emplacement des futures usines n\u2019est pas encore connu mais devrait \u00eatre d\u00e9voil\u00e9 sous peu. La capacit\u00e9 des sites de production d\u00e9j\u00e0 existants devrait \u00eatre aussi agrandie.<\/p>\n<p class=\"ArticleParagraph_root__lhFZo ArticleContainer_content-width__FRl7F link_focus__0ZMwx link_externalicon-big__ZdPgo link_externalicon__qcwXs ArticleElement_article-element__q93eL\">Et ce n\u2019est pas tout. Novartis compte d\u00e9velopper d\u2019ici \u00e0 cinq ans un centre de recherche. Pour ce dernier, l\u2019emplacement est d\u00e9j\u00e0 arr\u00eat\u00e9: ce sera San Diego en Californie. On ne sait pas si cela ravira Trump dans la mesure o\u00f9 la Californie est un bastion d\u00e9mocrate. Mais l\u2019entreprise compte en tout investir 23\u00a0milliards aux \u00c9tats-Unis.<\/p>\n<p>Roche va investir 50\u00a0milliards<\/p>\n<p class=\"ArticleParagraph_root__lhFZo ArticleContainer_content-width__FRl7F link_focus__0ZMwx link_externalicon-big__ZdPgo link_externalicon__qcwXs ArticleElement_article-element__q93eL\">Chez Roche, on est encore pr\u00eat \u00e0 mettre plus d\u2019argent dans la balance am\u00e9ricaine: 50\u00a0milliards d\u2019investissements. Le groupe, dont la filiale am\u00e9ricaine Genentech emploie d\u00e9j\u00e0 plus de 2400\u00a0personnes sur son site principal \u00e0 San Francisco, va se d\u00e9velopper et occuper \u00e0 plein ses lignes de production. Son objectif: non seulement produire sur sol am\u00e9ricain les m\u00e9dicaments destin\u00e9s \u00e0 ce march\u00e9, mais encore devenir un exportateur net, \u00e0 savoir exporter depuis les \u00c9tats-Unis plus de m\u00e9dicaments vers le reste du monde qu\u2019il n\u2019en importe depuis d\u2019autres pays.<\/p>\n<p class=\"ArticleParagraph_root__lhFZo ArticleContainer_content-width__FRl7F link_focus__0ZMwx link_externalicon-big__ZdPgo link_externalicon__qcwXs ArticleElement_article-element__q93eL\">Ce red\u00e9ploiement de la pharma suisse en direction des \u00c9tats-Unis ne devrait pas \u00eatre indolore pour la Suisse, et en particulier pour la r\u00e9gion b\u00e2loise. Celle-ci risque d\u2019y laisser des plumes au niveau des emplois et du chiffre d\u2019affaires.<\/p>\n<p>Des m\u00e9dicaments plus chers en Suisse?<\/p>\n<p class=\"ArticleParagraph_root__lhFZo ArticleContainer_content-width__FRl7F link_focus__0ZMwx link_externalicon-big__ZdPgo link_externalicon__qcwXs ArticleElement_article-element__q93eL\">Mais une autre menace se profile \u00e9galement \u00e0 l\u2019horizon pour la Suisse: le prix des m\u00e9dicaments. Dans ses discours, Donald Trump accuse en effet les pays europ\u00e9ens de payer leurs m\u00e9dicaments trop bon march\u00e9 et donc d\u2019\u00eatre subventionn\u00e9s par les patients am\u00e9ricains qui, eux, paient le prix le plus cher.<\/p>\n<p class=\"ArticleParagraph_root__lhFZo ArticleContainer_content-width__FRl7F link_focus__0ZMwx link_externalicon-big__ZdPgo link_externalicon__qcwXs ArticleElement_article-element__q93eL\">La critique est tir\u00e9e par les cheveux quand on sait que l\u2019\u00c9tat am\u00e9ricain n\u2019a pas voulu, ou n\u2019a pas pu, imposer un prix plafond des m\u00e9dicaments sur son sol comme le font les pays europ\u00e9ens. Il n\u2019en reste pas moins que si les pharmas diminuent leurs marges aux \u00c9tats-Unis, elles seront tent\u00e9es de se rattraper sur le march\u00e9 europ\u00e9en.<\/p>\n<p class=\"ArticleParagraph_root__lhFZo ArticleContainer_content-width__FRl7F link_focus__0ZMwx link_externalicon-big__ZdPgo link_externalicon__qcwXs ArticleElement_article-element__q93eL\">Et on a vu r\u00e9cemment que Roche a commenc\u00e9 son bras de fer contre la Conf\u00e9d\u00e9ration. Comme l\u2019Office f\u00e9d\u00e9ral de la sant\u00e9 publique n\u2019\u00e9tait pas d\u2019accord de payer le prix fort pour le nouveau traitement anticanc\u00e9reux Lunsumio, <a class=\"HtmlText_root__A1OSq\" href=\"https:\/\/www.24heures.ch\/cancer-roche-retire-lanticancereux-lunsumio-du-marche-suisse-823131172204\" rel=\"nofollow noopener\" target=\"_blank\">Roche a carr\u00e9ment retir\u00e9 le m\u00e9dicament<\/a> du march\u00e9 suisse en juillet. On verra si ce geste rare se d\u00e9veloppe \u00e0 l\u2019avenir et quelles cons\u00e9quences cela aura sur la sant\u00e9 et les primes maladie des patients suisses.<\/p>\n<p class=\"DynamicTeaser_boxtitle__B6piN\">Droits de douane, Trump et pharmas<\/p>\n<p>Newsletter<\/p>\n<p>\u00abDerni\u00e8res nouvelles\u00bb<\/p>\n<p>Vous voulez rester au top de l\u2019info? \u00ab24 heures\u00bb vous propose deux rendez-vous par jour, pour ne rien rater de ce qui se passe dans votre Canton, en Suisse ou dans le monde.<\/p>\n<p><a class=\"NewsletterBox_more__FNemz link_underlinelink__K5Zr0\" href=\"https:\/\/www.24heures.ch\/nos-newsletters\" rel=\"nofollow noopener\" target=\"_blank\">Autres newsletters<\/a><\/p>\n<p>Se connecter<strong>Arthur Grosjean<\/strong> est correspondant politique au Palais f\u00e9d\u00e9ral depuis ao\u00fbt 2011. Il exerce la profession de journaliste depuis plus de 35 ans. Il a occup\u00e9 diverses fonctions comme chef de rubrique (Suisse, Gen\u00e8ve) et r\u00e9dacteur en chef adjoint de la Tribune de Gen\u00e8ve. Il  a commenc\u00e9 sa carri\u00e8re comme responsable des communes genevoises avant de s\u2019occuper successivement de la politique de la Ville de Gen\u00e8ve et celle du canton de Gen\u00e8ve. Il \u00e9crit pour la Tribune de Gen\u00e8ve, 24 Heures et le Matin Dimanche.<a class=\"ArticleAuthorBio_moreinfo__cqyvz link_underlinelink__K5Zr0\" rel=\"author nofollow noopener\" href=\"https:\/\/www.24heures.ch\/author\/78654481\/arthur-grosjean\" target=\"_blank\">Plus d&rsquo;infos<\/a><a href=\"https:\/\/twitter.com\/arthurflash\" rel=\"nofollow noopener\" target=\"_blank\">@arthurflash<\/a><\/p>\n<p class=\"Feedback_root__fr_Mi ArticleContainer_content-width__FRl7F\">Vous avez trouv\u00e9 une erreur?<a href=\"mailto:tes_correction@tamedia.ch?subject=Avis%20d'erreur%20%7C%20Arthur%20Grosjean%20%7C%20Les%20pharmas%20suisses%20actionnent%20leur%20parachute%20aux%20%C3%89tats-Unis&amp;body=J'ai%20trouv%C3%A9%20une%20erreur%20dans%20cet%20article%3A%20https%3A%2F%2Fwww.24heures.ch%2Fdouane-les-pharmas-suisses-actionnent-leur-parachute-aux-usa-366559308138\" class=\"Feedback_feedbacklink__VyDCi link_underlinelink__K5Zr0\">Merci de nous la signaler.<\/a><\/p>\n<p>26 commentaires<\/p>\n<p><script async src=\"https:\/\/platform.twitter.com\/widgets.js\" charset=\"utf-8\"><\/script><\/p>\n","protected":false},"excerpt":{"rendered":"Droits de douane \u2013 Les pharmas suisses actionnent leur parachute aux \u00c9tats-Unis Novartis et Roche vont d\u00e9localiser une&hellip;\n","protected":false},"author":2,"featured_media":310423,"comment_status":"","ping_status":"","sticky":false,"template":"","format":"standard","meta":{"footnotes":""},"categories":[1589],"tags":[11,73,1866,12,1864,1865,1863,308],"class_list":{"0":"post-310422","1":"post","2":"type-post","3":"status-publish","4":"format-standard","5":"has-post-thumbnail","7":"category-etats-unis","8":"tag-actualites","9":"tag-etats-unis","10":"tag-etats-unis-damerique","11":"tag-news","12":"tag-united-states","13":"tag-united-states-of-america","14":"tag-us","15":"tag-usa"},"share_on_mastodon":{"url":"https:\/\/pubeurope.com\/@fr\/115007108233413817","error":""},"_links":{"self":[{"href":"https:\/\/www.europesays.com\/fr\/wp-json\/wp\/v2\/posts\/310422","targetHints":{"allow":["GET"]}}],"collection":[{"href":"https:\/\/www.europesays.com\/fr\/wp-json\/wp\/v2\/posts"}],"about":[{"href":"https:\/\/www.europesays.com\/fr\/wp-json\/wp\/v2\/types\/post"}],"author":[{"embeddable":true,"href":"https:\/\/www.europesays.com\/fr\/wp-json\/wp\/v2\/users\/2"}],"replies":[{"embeddable":true,"href":"https:\/\/www.europesays.com\/fr\/wp-json\/wp\/v2\/comments?post=310422"}],"version-history":[{"count":0,"href":"https:\/\/www.europesays.com\/fr\/wp-json\/wp\/v2\/posts\/310422\/revisions"}],"wp:featuredmedia":[{"embeddable":true,"href":"https:\/\/www.europesays.com\/fr\/wp-json\/wp\/v2\/media\/310423"}],"wp:attachment":[{"href":"https:\/\/www.europesays.com\/fr\/wp-json\/wp\/v2\/media?parent=310422"}],"wp:term":[{"taxonomy":"category","embeddable":true,"href":"https:\/\/www.europesays.com\/fr\/wp-json\/wp\/v2\/categories?post=310422"},{"taxonomy":"post_tag","embeddable":true,"href":"https:\/\/www.europesays.com\/fr\/wp-json\/wp\/v2\/tags?post=310422"}],"curies":[{"name":"wp","href":"https:\/\/api.w.org\/{rel}","templated":true}]}}