{"id":310424,"date":"2025-08-10T23:39:16","date_gmt":"2025-08-10T23:39:16","guid":{"rendered":"https:\/\/www.europesays.com\/fr\/310424\/"},"modified":"2025-08-10T23:39:16","modified_gmt":"2025-08-10T23:39:16","slug":"le-royaume-uni-accelere-lexpulsion-detrangers-condamnes","status":"publish","type":"post","link":"https:\/\/www.europesays.com\/fr\/310424\/","title":{"rendered":"Le Royaume-Uni acc\u00e9l\u00e8re l&rsquo;expulsion d&rsquo;\u00e9trangers condamn\u00e9s"},"content":{"rendered":"<p>Le programme \u00abExpulser maintenant, faire appel plus tard\u00bb va s\u2019\u00e9tendre aux ressortissants de 15 pays suppl\u00e9mentaires, parmi lesquels le Canada, le Belize, l\u2019Australie, le Liban ou encore l\u2019Ouganda.<\/p>\n<p class=\"fig-paragraph\">Le Royaume-Uni va acc\u00e9l\u00e9rer l&rsquo;expulsion d&rsquo;\u00e9trangers condamn\u00e9s en \u00e9tendant son programme \u00abExpulser maintenant, faire appel plus tard\u00bb \u00e0 15 nouveaux pays, soit d\u00e9sormais 23 pays au total, a annonc\u00e9 ce dimanche 10 ao\u00fbt le minist\u00e8re de l&rsquo;Int\u00e9rieur.<\/p>\n<p class=\"fig-paragraph\">Ce programme, qui permet au Royaume-Uni d&rsquo;expulser des ressortissants \u00e9trangers sans attendre qu&rsquo;ils purgent leur peine de prison dans le pays, tout en leur permettant de faire appel dans leur pays d&rsquo;origine, \u00e9tait en place avec huit pays dont la Tanzanie, l&rsquo;Estonie ou le Belize. D\u00e9sormais, il sera \u00e9tendu \u00e0 quinze nouveaux pays parmi lesquels l&rsquo;Angola, le Botswana ou le Liban. Des discussions avec plusieurs autres pays sont en cours, a pr\u00e9cis\u00e9 le communiqu\u00e9 du Home Office.<\/p>\n<p>                                    <a class=\"fig-a11y-skip a11y-hidden\" href=\"#fig-a11y-skip-main-inarticle\"><br \/>\n        Passer la publicit\u00e9<br \/>\n    <\/a><\/p>\n<p class=\"fig-paragraph\">Le premier ministre\u00a0<a href=\"http:\/\/www.lefigaro.fr\/international\/keir-starmer-annonce-un-accord-pour-un-echange-de-migrants-entre-le-royaume-uni-et-la-france-20250710\" data-fig-type=\"NewsFlash\" data-gtm-custom-categorie=\"navigation\" data-gtm-custom-action=\"crossclick\" data-gtm-custom-label=\"Contextuel\" data-gtm-event=\"customEventSPE\" data-fig-domain=\"LEFIGARO\" rel=\"nofollow noopener\" target=\"_blank\">Keir Starmer<\/a>\u00a0a fait de la\u00a0<a href=\"http:\/\/www.lefigaro.fr\/international\/sous-pression-sur-l-immigration-keir-starmer-promet-de-reprendre-le-controle-des-frontieres-britanniques-20250512\" data-fig-type=\"Article\" data-gtm-custom-categorie=\"navigation\" data-gtm-custom-action=\"crossclick\" data-gtm-custom-label=\"Contextuel\" data-gtm-event=\"customEventSPE\" data-fig-domain=\"LEFIGARO\" rel=\"nofollow noopener\" target=\"_blank\">r\u00e9duction de l&rsquo;immigration<\/a>, l\u00e9gale comme ill\u00e9gale, une priorit\u00e9, au moment o\u00f9 l&rsquo;extr\u00eame droite gagne du terrain dans le pays. \u00abPendant bien trop longtemps, des criminels \u00e9trangers ont exploit\u00e9 notre syst\u00e8me d&rsquo;immigration restant au Royaume-Uni pendant des mois, voire des ann\u00e9es, pendant que leurs appels s&rsquo;\u00e9ternisaient. Cela doit cesser\u00bb, a d\u00e9clar\u00e9 la ministre de l&rsquo;Int\u00e9rieur Yvette Cooper, cit\u00e9e dans le communiqu\u00e9.<\/p>\n<p>5200 \u00e9trangers condamn\u00e9s ont \u00e9t\u00e9 expuls\u00e9s depuis un an<\/p>\n<p class=\"fig-paragraph\">Selon le gouvernement britannique, une place en prison co\u00fbte en moyenne 54.000 livres par an (soit plus de 62.000 euros). Depuis juillet 2024, date de l&rsquo;arriv\u00e9e au pouvoir des travaillistes, pr\u00e8s de 5200 \u00e9trangers condamn\u00e9s ont \u00e9t\u00e9 expuls\u00e9s, soit une hausse de 14% sur un an, selon le Home Office.<\/p>\n<p class=\"fig-paragraph\">En pratique, la d\u00e9cision de savoir si ces personnes purgeront leur peine \u00e0 l&rsquo;\u00e9tranger d\u00e9pendra du pays vers lequel elles sont envoy\u00e9es, a indiqu\u00e9 le minist\u00e8re de la Justice \u00e0 la BBC. Concr\u00e8tement, cela signifie que certains d&rsquo;entre eux pourraient \u00eatre libres d\u00e8s leur arriv\u00e9e dans leur pays de destination.<\/p>\n<p class=\"fig-paragraph\">Les quinze nouveaux pays concern\u00e9s sont l&rsquo;Angola, l&rsquo;Australie, le Botswana, Brunei, la Bulgarie, le Canada, le Guyana, l&rsquo;Inde, l&rsquo;Indon\u00e9sie, le Kenya, la Lettonie, le Liban, la Malaisie, l&rsquo;Ouganda, la Zambie.<\/p>\n","protected":false},"excerpt":{"rendered":"Le programme \u00abExpulser maintenant, faire appel plus tard\u00bb va s\u2019\u00e9tendre aux ressortissants de 15 pays suppl\u00e9mentaires, parmi lesquels&hellip;\n","protected":false},"author":2,"featured_media":310425,"comment_status":"","ping_status":"","sticky":false,"template":"","format":"standard","meta":{"footnotes":""},"categories":[1588],"tags":[11,1777,674,5341,12,473,1853,1851,1850,1852],"class_list":{"0":"post-310424","1":"post","2":"type-post","3":"status-publish","4":"format-standard","5":"has-post-thumbnail","7":"category-royaume-uni","8":"tag-actualites","9":"tag-eu","10":"tag-europe","11":"tag-expulsions","12":"tag-news","13":"tag-royaume-uni","14":"tag-royaume-uni-de-grande-bretagne-et-dirlande-du-nord","15":"tag-uk","16":"tag-united-kingdom","17":"tag-united-kingdom-of-great-britain-and-northern-ireland"},"share_on_mastodon":{"url":"https:\/\/pubeurope.com\/@fr\/115007112040817816","error":""},"_links":{"self":[{"href":"https:\/\/www.europesays.com\/fr\/wp-json\/wp\/v2\/posts\/310424","targetHints":{"allow":["GET"]}}],"collection":[{"href":"https:\/\/www.europesays.com\/fr\/wp-json\/wp\/v2\/posts"}],"about":[{"href":"https:\/\/www.europesays.com\/fr\/wp-json\/wp\/v2\/types\/post"}],"author":[{"embeddable":true,"href":"https:\/\/www.europesays.com\/fr\/wp-json\/wp\/v2\/users\/2"}],"replies":[{"embeddable":true,"href":"https:\/\/www.europesays.com\/fr\/wp-json\/wp\/v2\/comments?post=310424"}],"version-history":[{"count":0,"href":"https:\/\/www.europesays.com\/fr\/wp-json\/wp\/v2\/posts\/310424\/revisions"}],"wp:featuredmedia":[{"embeddable":true,"href":"https:\/\/www.europesays.com\/fr\/wp-json\/wp\/v2\/media\/310425"}],"wp:attachment":[{"href":"https:\/\/www.europesays.com\/fr\/wp-json\/wp\/v2\/media?parent=310424"}],"wp:term":[{"taxonomy":"category","embeddable":true,"href":"https:\/\/www.europesays.com\/fr\/wp-json\/wp\/v2\/categories?post=310424"},{"taxonomy":"post_tag","embeddable":true,"href":"https:\/\/www.europesays.com\/fr\/wp-json\/wp\/v2\/tags?post=310424"}],"curies":[{"name":"wp","href":"https:\/\/api.w.org\/{rel}","templated":true}]}}