{"id":310426,"date":"2025-08-10T23:40:35","date_gmt":"2025-08-10T23:40:35","guid":{"rendered":"https:\/\/www.europesays.com\/fr\/310426\/"},"modified":"2025-08-10T23:40:35","modified_gmt":"2025-08-10T23:40:35","slug":"lallemagne-face-a-la-presidence-de-donald-trump","status":"publish","type":"post","link":"https:\/\/www.europesays.com\/fr\/310426\/","title":{"rendered":"L\u2019Allemagne face \u00e0 la pr\u00e9sidence de Donald Trump"},"content":{"rendered":"<p><strong>La perspective d\u2019un nouveau mandat de Donald Trump soul\u00e8ve des enjeux majeurs pour l\u2019Allemagne, d\u00e9j\u00e0 en proie \u00e0 des d\u00e9fis politiques internes. Ernst Stetter, conseiller sp\u00e9cial du pr\u00e9sident de la Fondation Jean-Jaur\u00e8s pour l\u2019Europe, analyse ici ce que Berlin redoute du retour du r\u00e9publicain \u00e0 la Maison Blanche. <\/strong><\/p>\n<p>L\u2019\u00e9lection de Donald Trump, suivie de pr\u00e8s en Allemagne, suscite une profonde inqui\u00e9tude politique et m\u00e9diatique, marquant l\u2019un des rares moments o\u00f9 les \u00c9tats-Unis ont concentr\u00e9 une telle attention outre-Rhin. La perspective d\u2019un nouveau mandat de Trump soul\u00e8ve des enjeux majeurs pour la nation allemande, d\u00e9j\u00e0 en proie \u00e0 des d\u00e9fis politiques internes.<\/p>\n<p>La crise politique en Allemagne apr\u00e8s la victoire de Trump<\/p>\n<p>La r\u00e9\u00e9lection de Trump a imm\u00e9diatement exacerb\u00e9 les tensions au sein de la coalition au pouvoir en Allemagne. D\u00e8s le soir des r\u00e9sultats, le chancelier Olaf Scholz a demand\u00e9 la d\u00e9mission de son ministre des Finances, Christian Lindner, pr\u00e9sident du Parti lib\u00e9ral-d\u00e9mocrate (FDP). Cet \u00e9v\u00e9nement a sign\u00e9 l\u2019implosion de la coalition dite des \u00ab feux tricolores \u00bb, qui rassemblait sociaux-d\u00e9mocrates, Verts et lib\u00e9raux. Par cette d\u00e9cision, Scholz place son gouvernement en situation de minorit\u00e9 au Bundestag.<\/p>\n<p>Des \u00e9lections anticip\u00e9es devraient se tenir en mars 2025, tandis que Scholz a annonc\u00e9 vouloir se soumettre \u00e0 un vote de confiance au Bundestag le 15 janvier 2025, initiant ainsi la proc\u00e9dure constitutionnelle pour des \u00e9lections, initialement pr\u00e9vues pour le 28 septembre 2025.<\/p>\n<p>Les d\u00e9fis de l\u2019Allemagne et de l\u2019Europe<\/p>\n<p>L\u2019instabilit\u00e9 politique en Allemagne survient \u00e0 un moment critique o\u00f9 le pays devrait unir ses forces avec la France et les autres pays europ\u00e9ens pour r\u00e9pondre \u00e0 un Trump d\u00e9sormais renforc\u00e9. Cependant, l\u2019Allemagne se retrouvera affaiblie politiquement pour plusieurs mois, ce qui est particuli\u00e8rement pr\u00e9occupant dans un contexte o\u00f9 elle est l\u2019un des \u00c9tats europ\u00e9ens les plus expos\u00e9s aux cons\u00e9quences de la politique trumpienne. L\u2019Allemagne d\u00e9pend en effet des \u00c9tats-Unis pour sa s\u00e9curit\u00e9 militaire et pour son \u00e9conomie.<\/p>\n<p>Depuis 2016, bien que l\u2019Allemagne ait accru ses d\u00e9penses militaires, elle reste vuln\u00e9rable face aux politiques commerciales protectionnistes probables sous Trump. Et alors que l\u2019\u00e9conomie allemande traverse sa plus grave crise depuis plusieurs ann\u00e9es, en raison de la pand\u00e9mie de Covid-19, de la guerre en Ukraine qui a rompu l\u2019approvisionnement \u00e9nerg\u00e9tique russe \u00e0 prix comp\u00e9titif et d\u2019une concurrence accrue avec les march\u00e9s chinois, Scholz devra rassurer ses partenaires europ\u00e9ens. Cependant, les divisions internes et le gouvernement minoritaire risquent de limiter la capacit\u00e9 de l\u2019Allemagne \u00e0 peser en faveur d\u2019une strat\u00e9gie europ\u00e9enne forte face aux \u00c9tats-Unis.<\/p>\n<p>Recevez chaque semaine toutes nos analyses dans votre bo\u00eete mail<\/p>\n<p>      <a href=\"https:\/\/app.novagouv.fr\/form_dev\/e782b193b9da21db0ea9106a8ef72302\/#\/formulaire\/\" target=\"_blank\" style=\"background-color:#3526bd;color:#FFFFFF;padding:10px 20px;text-decoration:none;display:inline-block;border-radius:5px;\" rel=\"nofollow noopener\">Abonnez-vous<\/a><\/p>\n<p>Le sens historique du retour de Donald Trump pour l\u2019Allemagne<\/p>\n<p>Pour l\u2019Allemagne, et pour l\u2019Europe dans son ensemble, le retour de Trump \u00e0 la Maison Blanche a une port\u00e9e historique consid\u00e9rable. Ce retour place les relations transatlantiques dans une nouvelle \u00e8re d\u2019incertitude, les \u00c9tats-Unis se tournant de nouveau vers une droite populiste aux politiques souvent impr\u00e9visibles. Le nouvel \u00e9quilibre transatlantique est mis en p\u00e9ril, avec un Trump peu enclin \u00e0 consid\u00e9rer la s\u00e9curit\u00e9 europ\u00e9enne comme un int\u00e9r\u00eat fondamental pour les \u00c9tats-Unis et favorisant plut\u00f4t une approche transactionnelle. Si l\u2019Europe souhaite pr\u00e9server le partenariat transatlantique, elle devra d\u00e8s lors investir davantage dans sa propre d\u00e9fense et avancer vers une politique de d\u00e9fense commune.<\/p>\n<p>Berlin suit avec une grande inqui\u00e9tude la position de Trump vis-\u00e0-vis de l\u2019OTAN, dont l\u2019engagement am\u00e9ricain, m\u00eame critiqu\u00e9, reste crucial pour la s\u00e9curit\u00e9 europ\u00e9enne. Bien que la seconde administration Trump soit susceptible de demander \u00e0 l\u2019Allemagne et \u00e0 l\u2019Europe de financer plus largement leur propre d\u00e9fense, l\u2019Allemagne ne devrait pas simplement c\u00e9der \u00e0 cette injonction. Les Europ\u00e9ens, en particulier l\u2019Allemagne, ont depuis longtemps repos\u00e9 sur l\u2019appui am\u00e9ricain, mais cette tendance n\u2019est plus tenable. M\u00eame sous la pr\u00e9sidence de Barack Obama, Berlin avait pris conscience que les priorit\u00e9s des \u00c9tats-Unis ne demeureraient pas ind\u00e9finiment europ\u00e9ennes. Biden pourrait bien \u00eatre le dernier pr\u00e9sident fermement convaincu d\u2019un lien transatlantique fort, et ce n\u2019est pas un hasard si le pr\u00e9sident allemand Frank-Walter Steinmeier lui a r\u00e9cemment d\u00e9cern\u00e9 la plus haute distinction allemande lors de sa visite d\u2019adieu \u00e0 Berlin en octobre dernier.<\/p>\n<p>La r\u00e9\u00e9lection de Trump pousse ainsi l\u2019Allemagne et la France \u00e0 r\u00e9affirmer leur intention de b\u00e2tir une Europe plus unie et souveraine face \u00e0 ces nouveaux enjeux, malgr\u00e9 les d\u00e9fis internes auxquels les deux nations sont confront\u00e9es.<\/p>\n<p>Un moment critique pour l\u2019\u00e9conomie allemande<\/p>\n<p>Avec l\u2019\u00e9lection de Trump, le principal partenaire commercial de l\u2019Allemagne voit un pr\u00e9sident am\u00e9ricain pr\u00eat \u00e0 instaurer des droits de douane de 10%, voire 20%, sur toutes les importations. Trump projette \u00e9galement de poursuivre une politique fiscale agressive aux r\u00e9percussions mondiales. Cette p\u00e9riode s\u2019annonce comme l\u2019une des plus ardues \u00e9conomiquement pour l\u2019Allemagne depuis la fondation de la R\u00e9publique f\u00e9d\u00e9rale, en raison d\u2019une crise structurelle profonde et d\u2019une croissance quasi nulle. En 2023, l\u2019Allemagne a export\u00e9 des biens et services pour une valeur de 200 milliards d\u2019euros vers les \u00c9tats-Unis. L\u2019imposition de droits de douane \u00e9lev\u00e9s rendrait les produits allemands beaucoup plus co\u00fbteux et fragiliserait en particulier les industries automobile, chimique et m\u00e9canique, qui peinent d\u00e9j\u00e0 \u00e0 se relever des r\u00e9centes crises \u00e9nerg\u00e9tiques et sanitaires.<\/p>\n<p>Par ailleurs, si Trump applique une taxe de 60% sur les importations chinoises, l\u2019\u00e9conomie allemande subirait un impact indirect mais cons\u00e9quent, car une part importante des produits allemands export\u00e9s vers la Chine est ensuite export\u00e9e aux \u00c9tats-Unis. L\u2019accord de libre-\u00e9change qui lie le Canada, le Mexique et les \u00c9tats-Unis, possible levier pour certaines entreprises, est par ailleurs menac\u00e9 de ren\u00e9gociation en 2026, Trump ayant \u00e9mis des r\u00e9serves sur sa viabilit\u00e9 lors de sa campagne.<\/p>\n<p>Dans ce contexte, plusieurs entreprises allemandes pourraient envisager de d\u00e9placer leur production aux \u00c9tats-Unis pour contourner les droits de douane et b\u00e9n\u00e9ficier des subventions am\u00e9ricaines, Trump visant \u00e0 attirer la production industrielle sur le sol am\u00e9ricain pour cr\u00e9er des emplois locaux.<\/p>\n<p>Vers un nouvel ordre g\u00e9opolitique ?<\/p>\n<p>Depuis le d\u00e9but de la guerre en Ukraine, l\u2019Allemagne a pris des mesures financi\u00e8res et militaires de soutien importantes pour le pays envahi. Elle s\u2019est \u00e9galement retrouv\u00e9e fragilis\u00e9e par la rupture des approvisionnements \u00e9nerg\u00e9tiques russes, qui avaient longtemps assur\u00e9 une \u00e9nergie abondante et bon march\u00e9, essentielle pour sa comp\u00e9titivit\u00e9 industrielle internationale.<\/p>\n<p>Trump a souvent lou\u00e9 les r\u00e9gimes autoritaires de Chine, de Cor\u00e9e du Nord, voire de Russie, tout en affichant peu d\u2019\u00e9gard pour ses alli\u00e9s europ\u00e9ens. Cela pourrait remettre en question l\u2019ordre g\u00e9opolitique bas\u00e9 sur le droit international et la coop\u00e9ration multilat\u00e9rale. Si l\u2019Europe et l\u2019Allemagne souhaitent conserver et renforcer cet ordre, elles devront alors assumer un r\u00f4le de leader. Pour ce faire, elles doivent continuer de s\u2019engager en faveur des institutions multilat\u00e9rales et renforcer leurs propres capacit\u00e9s, de la s\u00e9curit\u00e9 \u00e0 l\u2019\u00e9conomie.<\/p>\n<p>En adoptant une position unie et proactive, l\u2019Europe pourrait se poser en acteur central de l\u2019ordre mondial fond\u00e9 sur des r\u00e8gles, tout en travaillant \u00e0 la r\u00e9forme et \u00e0 la consolidation des institutions internationales. L\u2019Allemagne, premi\u00e8re puissance \u00e9conomique europ\u00e9enne, a un r\u00f4le majeur \u00e0 jouer non seulement pour un nouvel ordre g\u00e9opolitique, mais aussi pour assurer sa propre stabilit\u00e9 et celle de l\u2019Europe, face aux nouveaux d\u00e9fis pos\u00e9s par le retour de Donald Trump.<\/p>\n","protected":false},"excerpt":{"rendered":"La perspective d\u2019un nouveau mandat de Donald Trump soul\u00e8ve des enjeux majeurs pour l\u2019Allemagne, d\u00e9j\u00e0 en proie \u00e0&hellip;\n","protected":false},"author":2,"featured_media":310427,"comment_status":"","ping_status":"","sticky":false,"template":"","format":"standard","meta":{"footnotes":""},"categories":[1587],"tags":[11,672,1804,1805,1803,1777,674,1801,12,1802],"class_list":{"0":"post-310426","1":"post","2":"type-post","3":"status-publish","4":"format-standard","5":"has-post-thumbnail","7":"category-allemagne","8":"tag-actualites","9":"tag-allemagne","10":"tag-bundesrepublik-deutschland","11":"tag-de","12":"tag-deutschland","13":"tag-eu","14":"tag-europe","15":"tag-germany","16":"tag-news","17":"tag-republique-federale-dallemagne"},"share_on_mastodon":{"url":"https:\/\/pubeurope.com\/@fr\/115007115989682869","error":""},"_links":{"self":[{"href":"https:\/\/www.europesays.com\/fr\/wp-json\/wp\/v2\/posts\/310426","targetHints":{"allow":["GET"]}}],"collection":[{"href":"https:\/\/www.europesays.com\/fr\/wp-json\/wp\/v2\/posts"}],"about":[{"href":"https:\/\/www.europesays.com\/fr\/wp-json\/wp\/v2\/types\/post"}],"author":[{"embeddable":true,"href":"https:\/\/www.europesays.com\/fr\/wp-json\/wp\/v2\/users\/2"}],"replies":[{"embeddable":true,"href":"https:\/\/www.europesays.com\/fr\/wp-json\/wp\/v2\/comments?post=310426"}],"version-history":[{"count":0,"href":"https:\/\/www.europesays.com\/fr\/wp-json\/wp\/v2\/posts\/310426\/revisions"}],"wp:featuredmedia":[{"embeddable":true,"href":"https:\/\/www.europesays.com\/fr\/wp-json\/wp\/v2\/media\/310427"}],"wp:attachment":[{"href":"https:\/\/www.europesays.com\/fr\/wp-json\/wp\/v2\/media?parent=310426"}],"wp:term":[{"taxonomy":"category","embeddable":true,"href":"https:\/\/www.europesays.com\/fr\/wp-json\/wp\/v2\/categories?post=310426"},{"taxonomy":"post_tag","embeddable":true,"href":"https:\/\/www.europesays.com\/fr\/wp-json\/wp\/v2\/tags?post=310426"}],"curies":[{"name":"wp","href":"https:\/\/api.w.org\/{rel}","templated":true}]}}