{"id":310432,"date":"2025-08-10T23:43:12","date_gmt":"2025-08-10T23:43:12","guid":{"rendered":"https:\/\/www.europesays.com\/fr\/310432\/"},"modified":"2025-08-10T23:43:12","modified_gmt":"2025-08-10T23:43:12","slug":"un-seisme-de-magnitude-61-secoue-louest-du-pays","status":"publish","type":"post","link":"https:\/\/www.europesays.com\/fr\/310432\/","title":{"rendered":"Un s\u00e9isme de magnitude 6,1 secoue l\u2019ouest du pays"},"content":{"rendered":"<p>Un s\u00e9isme ressenti \u00e0 plus de 200 kilom\u00e8tres \u00e0 la ronde. Un s\u00e9isme de magnitude 6,1 est survenu dimanche \u00e0 Sindirgi, dans la province de Balikesir, dans l\u2019ouest de la <a href=\"https:\/\/www.20minutes.fr\/monde\/turquie\/\" class=\"color-ultramarine c-link\" target=\"_blank\" rel=\"noopener\">Turquie<\/a>, a affirm\u00e9 l\u2019Agence turque de gestion des catastrophes (AFAD). Le <a href=\"https:\/\/www.20minutes.fr\/dossier\/seisme\" class=\"color-ultramarine c-link\" target=\"_blank\" rel=\"noopener\">s\u00e9isme<\/a>, survenu \u00e0 19h53 (18h53 heure fran\u00e7aise) a \u00e9t\u00e9 ressenti dans de nombreuses villes de l\u2019ouest du pays, dont <a href=\"https:\/\/www.20minutes.fr\/monde\/istanbul\/\" class=\"color-ultramarine c-link\" target=\"_blank\" rel=\"noopener\">Istanbul <\/a>et Izmir, selon les autorit\u00e9s turques qui n\u2019ont pour l\u2019instant pas annonc\u00e9 de victimes.<\/p>\n<p>\u00ab\u00a0Toutes les \u00e9quipes de l\u2019AFAD et de nos institutions concern\u00e9es ont imm\u00e9diatement commenc\u00e9 les recherches sur le terrain. Aucun \u00e9v\u00e9nement ind\u00e9sirable n\u2019a \u00e9t\u00e9 signal\u00e9 jusqu\u2019\u00e0 pr\u00e9sent\u00a0\u00bb, a affirm\u00e9 le ministre turc de l\u2019Int\u00e9rieur Ali Yerlikaya sur X.<\/p>\n<p>Deux personnes recherch\u00e9es<\/p>\n<p>Une dizaine de b\u00e2timents se sont effondr\u00e9s \u00e0 Sindirgi, l\u2019\u00e9picentre du s\u00e9isme, dont un immeuble de trois \u00e9tages dans le centre-ville, a annonc\u00e9 le maire Serkan Sak sur la cha\u00eene priv\u00e9e turque NTV. \u00ab\u00a0Six personnes vivaient dans cet immeuble de trois \u00e9tages. Quatre ont \u00e9t\u00e9 sauv\u00e9es des d\u00e9combres\u00a0\u00bb, a-t-il affirm\u00e9, pr\u00e9cisant que les efforts pour extraire les deux autres personnes \u00e9taient en cours.<\/p>\n<p>\u00ab\u00a0Des immeubles et des mosqu\u00e9es ont \u00e9t\u00e9 d\u00e9truits mais nous n\u2019avons pas de perte de vie\u00a0\u00bb, a-t-il ajout\u00e9. Sept r\u00e9pliques de magnitude allant de 3,5 \u00e0 4,6 sont survenues apr\u00e8s le s\u00e9isme, selon AFAD.<\/p>\n<\/p>\n<p>Un s\u00e9isme de magnitude 5,8 avait fait une victime et soixante-neuf bless\u00e9s d\u00e9but juin dans le sud-ouest de la Turquie. Le pays est travers\u00e9 par plusieurs failles qui ont caus\u00e9 de nombreux drames par le pass\u00e9. Le sud-est du pays avait subi un violent tremblement de terre en f\u00e9vrier\u00a02023 qui avait fait au moins 53.000 morts et d\u00e9vast\u00e9 la cit\u00e9 antique d\u2019Antakya, l\u2019ancienne Antioche.<\/p>\n","protected":false},"excerpt":{"rendered":"Un s\u00e9isme ressenti \u00e0 plus de 200 kilom\u00e8tres \u00e0 la ronde. Un s\u00e9isme de magnitude 6,1 est survenu&hellip;\n","protected":false},"author":2,"featured_media":310433,"comment_status":"","ping_status":"","sticky":false,"template":"","format":"standard","meta":{"footnotes":""},"categories":[2],"tags":[47,11,4732,1011,27,5886,74,12,25,18565,3496],"class_list":{"0":"post-310432","1":"post","2":"type-post","3":"status-publish","4":"format-standard","5":"has-post-thumbnail","7":"category-actualites","8":"tag-actualite","9":"tag-actualites","10":"tag-catastrophe-naturelle","11":"tag-fr","12":"tag-france","13":"tag-istanbul","14":"tag-monde","15":"tag-news","16":"tag-republique-francaise","17":"tag-seismes","18":"tag-turquie"},"share_on_mastodon":{"url":"https:\/\/pubeurope.com\/@fr\/115007127854460764","error":""},"_links":{"self":[{"href":"https:\/\/www.europesays.com\/fr\/wp-json\/wp\/v2\/posts\/310432","targetHints":{"allow":["GET"]}}],"collection":[{"href":"https:\/\/www.europesays.com\/fr\/wp-json\/wp\/v2\/posts"}],"about":[{"href":"https:\/\/www.europesays.com\/fr\/wp-json\/wp\/v2\/types\/post"}],"author":[{"embeddable":true,"href":"https:\/\/www.europesays.com\/fr\/wp-json\/wp\/v2\/users\/2"}],"replies":[{"embeddable":true,"href":"https:\/\/www.europesays.com\/fr\/wp-json\/wp\/v2\/comments?post=310432"}],"version-history":[{"count":0,"href":"https:\/\/www.europesays.com\/fr\/wp-json\/wp\/v2\/posts\/310432\/revisions"}],"wp:featuredmedia":[{"embeddable":true,"href":"https:\/\/www.europesays.com\/fr\/wp-json\/wp\/v2\/media\/310433"}],"wp:attachment":[{"href":"https:\/\/www.europesays.com\/fr\/wp-json\/wp\/v2\/media?parent=310432"}],"wp:term":[{"taxonomy":"category","embeddable":true,"href":"https:\/\/www.europesays.com\/fr\/wp-json\/wp\/v2\/categories?post=310432"},{"taxonomy":"post_tag","embeddable":true,"href":"https:\/\/www.europesays.com\/fr\/wp-json\/wp\/v2\/tags?post=310432"}],"curies":[{"name":"wp","href":"https:\/\/api.w.org\/{rel}","templated":true}]}}