{"id":310436,"date":"2025-08-10T23:45:17","date_gmt":"2025-08-10T23:45:17","guid":{"rendered":"https:\/\/www.europesays.com\/fr\/310436\/"},"modified":"2025-08-10T23:45:17","modified_gmt":"2025-08-10T23:45:17","slug":"quelles-perturbations-prevoir-pour-la-ratp-et-la-sncf-cette-semaine-31","status":"publish","type":"post","link":"https:\/\/www.europesays.com\/fr\/310436\/","title":{"rendered":"Quelles perturbations pr\u00e9voir pour la RATP et la SNCF cette semaine ?"},"content":{"rendered":"<p><strong>TRANSPORTS &#8211; De nouveaux changements sur les lignes parisiennes et franciliennes sont attendus cette semaine, du 11 au 17 ao\u00fbt<\/strong><\/p>\n<p>Du 11 au 17 ao\u00fbt, de nouveaux changements viennent chambouler les lignes de transport parisiennes et franciliennes. Voici tout ce que vous devez savoir afin d&rsquo;appr\u00e9hender au mieux vos d\u00e9placements, notamment lors du pont du 15 ao\u00fbt.<\/p>\n<p>M\u00e9tro<\/p>\n<ul class=\"caas-list caas-list-bullet\">\n<li>\n<p>Ligne 1 : du 11 ao\u00fbt au 31 ao\u00fbt, le trafic est interrompu entre Charles de Gaulle \u2013 Etoile et La D\u00e9fense (travaux). Des bus de substitution seront mis en place.<\/p>\n<\/li>\n<li>\n<p>Ligne 6 : jusqu\u2019au 28 septembre, l\u2019arr\u00eat n\u2019est pas desservi \u00e0 Cambronne (travaux).<\/p>\n<\/li>\n<li>\n<p>Ligne 13 : jusqu\u2019au 31 ao\u00fbt, les acc\u00e8s aux stations Gabriel P\u00e9ri et Pernety sont ferm\u00e9s (travaux).<\/p>\n<\/li>\n<\/ul>\n<p>RER<\/p>\n<ul class=\"caas-list caas-list-bullet\">\n<li>\n<p>RER A : jusqu\u2019au 22 ao\u00fbt, le trafic sera interrompu entre <a href=\"https:\/\/www.20minutes.fr\/dossier\/saint-germain-en-laye?at_medium=RSS%20feed&amp;at_campaign=ynews&amp;utm_source=yahoo&amp;utm_medium=rss&amp;utm_campaign=news_feed&amp;utm_content=in_article_link\" rel=\"nofollow noopener\" target=\"_blank\" data-ylk=\"slk:Saint-Germain-en-Laye;elm:context_link;itc:0;sec:content-canvas\" class=\"link \">Saint-Germain-en-Laye<\/a> et Le V\u00e9sinet \u2013 Le Pecq (travaux).<\/p>\n<\/li>\n<li>\n<p>RER B : jusqu\u2019au mardi 12 ao\u00fbt, du lundi au vendredi \u00e0 partir de 22h45, trafic interrompu entre Denfert-Rochereau et A\u00e9roport CDG2 et Mitry-Claye (travaux). Voyageurs du <a href=\"https:\/\/www.20minutes.fr\/dossier\/rer_b?at_medium=RSS%20feed&amp;at_campaign=ynews&amp;utm_source=yahoo&amp;utm_medium=rss&amp;utm_campaign=news_feed&amp;utm_content=in_article_link\" rel=\"nofollow noopener\" target=\"_blank\" data-ylk=\"slk:RER B;elm:context_link;itc:0;sec:content-canvas\" class=\"link \">RER B<\/a>, (travaux) jusqu\u2019au 27 ao\u00fbt inclus\u200b\u200b, trafic interrompu entre Massy\u2013Palaiseau et La Croix de Berny. Nous vous invitons \u00e0 reporter votre voyage autant que possible ou \u00e0 anticiper vos d\u00e9placements. Le jeudi 14 ao\u00fbt, \u00e0 partir de 22h45, le trafic est interrompu entre Denfert-Rochereau et A\u00e9roport CDG2 et Mitry-Claye (travaux). Du vendredi 15 au dimanche 17 ao\u00fbt, le trafic sera interrompu entre Mitry \u2013 Claye et Gare du Nord. Offre de transport r\u00e9duite, reportez votre voyage.<\/p>\n<\/li>\n<\/ul>\n<p>RER C : dimanche 17 ao\u00fbt, \u00e0 partir de 23h55, le trafic sera interrompu entre Saint-Martin d\u2019Etampes et Paris Austerlitz. Des bus de substitution(&#8230;)<\/p>\n<p><a href=\"https:\/\/www.20minutes.fr\/paris\/4167387-20250811-paris-ile-france-perturbations-prevoir-ratp-sncf-semaine?at_medium=RSS%20feed&amp;at_campaign=ynews&amp;utm_source=yahoo&amp;utm_medium=rss&amp;utm_campaign=news_feed&amp;utm_content=read_more_link\" rel=\"nofollow noopener\" target=\"_blank\" data-ylk=\"slk:Lire la suite sur 20minutes;elm:context_link;itc:0;sec:content-canvas\" class=\"link \">Lire la suite sur 20minutes<\/a><\/p>\n<p>\u00c0 lire aussi :<br \/><a href=\"https:\/\/www.20minutes.fr\/societe\/4167376-20250810-canicule-vigilance-orange-42-departements-dimanche-encore-plus-lundi?at_medium=RSS%20feed&amp;at_campaign=ynews&amp;utm_source=yahoo&amp;utm_medium=rss&amp;utm_campaign=news_feed&amp;utm_content=related_content_link\" rel=\"nofollow noopener\" target=\"_blank\" data-ylk=\"slk:Canicule : Vigilance orange pour 42 d\u00e9partements ce dimanche, et encore plus lundi;elm:context_link;itc:0;sec:content-canvas\" class=\"link \">Canicule : Vigilance orange pour 42 d\u00e9partements ce dimanche, et encore plus lundi<\/a><br \/><a href=\"https:\/\/www.20minutes.fr\/faits_divers\/4167222-20250808-sncf-invalide-force-soulever-valise-lourde-lors-controle-tgv?at_medium=RSS%20feed&amp;at_campaign=ynews&amp;utm_source=yahoo&amp;utm_medium=rss&amp;utm_campaign=news_feed&amp;utm_content=related_content_link\" rel=\"nofollow noopener\" target=\"_blank\" data-ylk=\"slk:SNCF : Un invalide forc\u00e9 \u00e0 soulever une valise lourde lors d\u2019un contr\u00f4le dans un TGV;elm:context_link;itc:0;sec:content-canvas\" class=\"link \">SNCF : Un invalide forc\u00e9 \u00e0 soulever une valise lourde lors d\u2019un contr\u00f4le dans un TGV<\/a><\/p>\n","protected":false},"excerpt":{"rendered":"TRANSPORTS &#8211; De nouveaux changements sur les lignes parisiennes et franciliennes sont attendus cette semaine, du 11 au&hellip;\n","protected":false},"author":2,"featured_media":310437,"comment_status":"","ping_status":"","sticky":false,"template":"","format":"standard","meta":{"footnotes":""},"categories":[4],"tags":[11,45043,45044,1011,27,45042,12,25],"class_list":{"0":"post-310436","1":"post","2":"type-post","3":"status-publish","4":"format-standard","5":"has-post-thumbnail","7":"category-france","8":"tag-actualites","9":"tag-aeroport-cdg2","10":"tag-denfert-rochereau","11":"tag-fr","12":"tag-france","13":"tag-mitry-claye","14":"tag-news","15":"tag-republique-francaise"},"share_on_mastodon":{"url":"https:\/\/pubeurope.com\/@fr\/115007135687056111","error":""},"_links":{"self":[{"href":"https:\/\/www.europesays.com\/fr\/wp-json\/wp\/v2\/posts\/310436","targetHints":{"allow":["GET"]}}],"collection":[{"href":"https:\/\/www.europesays.com\/fr\/wp-json\/wp\/v2\/posts"}],"about":[{"href":"https:\/\/www.europesays.com\/fr\/wp-json\/wp\/v2\/types\/post"}],"author":[{"embeddable":true,"href":"https:\/\/www.europesays.com\/fr\/wp-json\/wp\/v2\/users\/2"}],"replies":[{"embeddable":true,"href":"https:\/\/www.europesays.com\/fr\/wp-json\/wp\/v2\/comments?post=310436"}],"version-history":[{"count":0,"href":"https:\/\/www.europesays.com\/fr\/wp-json\/wp\/v2\/posts\/310436\/revisions"}],"wp:featuredmedia":[{"embeddable":true,"href":"https:\/\/www.europesays.com\/fr\/wp-json\/wp\/v2\/media\/310437"}],"wp:attachment":[{"href":"https:\/\/www.europesays.com\/fr\/wp-json\/wp\/v2\/media?parent=310436"}],"wp:term":[{"taxonomy":"category","embeddable":true,"href":"https:\/\/www.europesays.com\/fr\/wp-json\/wp\/v2\/categories?post=310436"},{"taxonomy":"post_tag","embeddable":true,"href":"https:\/\/www.europesays.com\/fr\/wp-json\/wp\/v2\/tags?post=310436"}],"curies":[{"name":"wp","href":"https:\/\/api.w.org\/{rel}","templated":true}]}}