{"id":310438,"date":"2025-08-10T23:46:11","date_gmt":"2025-08-10T23:46:11","guid":{"rendered":"https:\/\/www.europesays.com\/fr\/310438\/"},"modified":"2025-08-10T23:46:11","modified_gmt":"2025-08-10T23:46:11","slug":"pga-scottie-scheffler-sans-son-caddie-habituel-pour-la-ronde-finale","status":"publish","type":"post","link":"https:\/\/www.europesays.com\/fr\/310438\/","title":{"rendered":"PGA : Scottie Scheffler sans son caddie habituel pour la ronde finale"},"content":{"rendered":"<p><strong><a href=\"https:\/\/www.rds.ca\/emissions\/en-direct\" rel=\"nofollow noopener\" target=\"_blank\">Suivez la ronde finale du Championnat FedEx St-Jude dimanche d\u00e8s 14\u00a0heures, \u00e0 RDS\u00a0et au RDS.ca<\/a><\/strong><\/p>\n<p>Scottie Scheffler n&rsquo;aura pas son caddie habituel \u00e0 ses c\u00f4t\u00e9s pour la derni\u00e8re ronde du Championnat FedEx St-Jude, dimanche, mais il sera accompagn\u00e9 d&rsquo;un visage familier.<\/p>\n<p>Brad Payne, qui \u00e9tait \u00e9galement le caddie de Scheffler lors de la troisi\u00e8me ronde Championnat PGA de l&rsquo;ann\u00e9e derni\u00e8re, guidera Scheffler dimanche au TPC Southwind.<\/p>\n<p>Ted Scott, le caddie habituel de Scheffler, a d\u00fb rentrer chez lui de mani\u00e8re inattendue pour des raisons familiales. Scheffler a remport\u00e9 ses 17 titres sur le circuit de la PGA lorsque Scott \u00e9tait \u00e0 ses c\u00f4t\u00e9s.<\/p>\n<p>Avec une carte de 12 coups sous la normale apr\u00e8s trois rondes, Scheffler se trouve \u00e0 deux coups du meneur Tommy Fleetwood et \u00e0 un coup de Justin Rose. Fleetwood est en qu\u00eate du premier titre de sa carri\u00e8re sur le circuit de la PGA et Scheffler tentera de jouer les trouble-f\u00eates dimanche pour gagner son cinqui\u00e8me tournoi de la saison.<\/p>\n<p>Ce sera donc la deuxi\u00e8me fois que Payne vient en rel\u00e8ve \u00e0 Scott depuis 2021, ann\u00e9e o\u00f9 Scott et Scheffler ont commenc\u00e9 \u00e0 faire \u00e9quipe.<\/p>\n<p>Lors du Championnat de la PGA l&rsquo;an dernier, Payne a \u00e9t\u00e9 le caddie de Scheffler en troisi\u00e8me ronde quand Payne est retourn\u00e9 \u00e0 la maison pour assister \u00e0 la graduation de l&rsquo;un de ses enfants.<\/p>\n<p>Scheffler a remis une carte de 73 lors de cette ronde, qui a eu lieu au lendemain de son arrestation inattendue au club de golf de Valhalla. Scheffler a finalement termin\u00e9 le tournoi sur un pied d&rsquo;\u00e9galit\u00e9 avec trois autres golfeurs pour la huiti\u00e8me place.<\/p>\n<p>Payne travaille pour la PGA et il est un bon ami de Scheffler, alors que les deux hommes habitent \u00e0 Dallas.<\/p>\n<p>\u00a0<\/p>\n","protected":false},"excerpt":{"rendered":"Suivez la ronde finale du Championnat FedEx St-Jude dimanche d\u00e8s 14\u00a0heures, \u00e0 RDS\u00a0et au RDS.ca Scottie Scheffler n&rsquo;aura&hellip;\n","protected":false},"author":2,"featured_media":310439,"comment_status":"","ping_status":"","sticky":false,"template":"","format":"standard","meta":{"footnotes":""},"categories":[1418],"tags":[1011,27,1472,60],"class_list":{"0":"post-310438","1":"post","2":"type-post","3":"status-publish","4":"format-standard","5":"has-post-thumbnail","7":"category-golf","8":"tag-fr","9":"tag-france","10":"tag-golf","11":"tag-sports"},"share_on_mastodon":{"url":"https:\/\/pubeurope.com\/@fr\/115007139501641169","error":""},"_links":{"self":[{"href":"https:\/\/www.europesays.com\/fr\/wp-json\/wp\/v2\/posts\/310438","targetHints":{"allow":["GET"]}}],"collection":[{"href":"https:\/\/www.europesays.com\/fr\/wp-json\/wp\/v2\/posts"}],"about":[{"href":"https:\/\/www.europesays.com\/fr\/wp-json\/wp\/v2\/types\/post"}],"author":[{"embeddable":true,"href":"https:\/\/www.europesays.com\/fr\/wp-json\/wp\/v2\/users\/2"}],"replies":[{"embeddable":true,"href":"https:\/\/www.europesays.com\/fr\/wp-json\/wp\/v2\/comments?post=310438"}],"version-history":[{"count":0,"href":"https:\/\/www.europesays.com\/fr\/wp-json\/wp\/v2\/posts\/310438\/revisions"}],"wp:featuredmedia":[{"embeddable":true,"href":"https:\/\/www.europesays.com\/fr\/wp-json\/wp\/v2\/media\/310439"}],"wp:attachment":[{"href":"https:\/\/www.europesays.com\/fr\/wp-json\/wp\/v2\/media?parent=310438"}],"wp:term":[{"taxonomy":"category","embeddable":true,"href":"https:\/\/www.europesays.com\/fr\/wp-json\/wp\/v2\/categories?post=310438"},{"taxonomy":"post_tag","embeddable":true,"href":"https:\/\/www.europesays.com\/fr\/wp-json\/wp\/v2\/tags?post=310438"}],"curies":[{"name":"wp","href":"https:\/\/api.w.org\/{rel}","templated":true}]}}