{"id":310440,"date":"2025-08-10T23:48:10","date_gmt":"2025-08-10T23:48:10","guid":{"rendered":"https:\/\/www.europesays.com\/fr\/310440\/"},"modified":"2025-08-10T23:48:10","modified_gmt":"2025-08-10T23:48:10","slug":"cette-recrue-de-provence-rugby-qui-pourrait-eclabousser-la-pro-d2","status":"publish","type":"post","link":"https:\/\/www.europesays.com\/fr\/310440\/","title":{"rendered":"Cette recrue de Provence Rugby qui pourrait \u00e9clabousser la Pro D2 !"},"content":{"rendered":"<p>\u00c0 23 ans, Caleb Muntz s\u2019appr\u00eate \u00e0 relever un nouveau d\u00e9fi en posant ses valises \u00e0 Provence Rugby.<\/p>\n<p>Form\u00e9 en Nouvelle-Z\u00e9lande, l\u2019ouvreur fidjien a d\u00e9j\u00e0 marqu\u00e9 les esprits sur la sc\u00e8ne internationale avec seulement quatorze s\u00e9lections pour 129 points inscrits.<\/p>\n<p>Leader affirm\u00e9, buteur pr\u00e9cis et ma\u00eetre du tempo, il d\u00e9barque en Pro D2 avec un profil taill\u00e9 pour dynamiser le jeu aixois.<\/p>\n<p>Habitu\u00e9 aux joutes intenses du championnat fidjien, Muntz am\u00e8ne avec lui une exp\u00e9rience internationale solide et un registre complet. Capable d\u2019alterner les lancements de jeu, de cr\u00e9er des espaces pour ses co\u00e9quipiers et de s\u2019imposer dans les moments cl\u00e9s, il a s\u00e9duit le staff proven\u00e7al, en qu\u00eate d\u2019un joueur d\u00e9cisif pour franchir un cap vers le Top 14.<\/p>\n<p><strong>Le manager g\u00e9n\u00e9ral Philippe Saint-Andr\u00e9 ne cache pas son enthousiasme via Midi Olympique :<\/strong><\/p>\n<p>\u00ab Caleb est un ouvreur fidjien tr\u00e8s talentueux, form\u00e9 en Nouvelle-Z\u00e9lande. Les Fidji attendaient depuis longtemps un num\u00e9ro 10 de ce niveau-l\u00e0. Et, il a \u00e9t\u00e9 tr\u00e8s souvent excellent avec sa s\u00e9lection. Il a malheureusement manqu\u00e9 la coupe du monde 2023 \u00e0 cause d\u2019une blessure mais il a retrouv\u00e9 depuis la totalit\u00e9 de ses moyens et il est redevenu le ma\u00eetre \u00e0 jouer de cette \u00e9quipe fidjienne. Il peut aussi jouer en num\u00e9ro 12, ce qui nous offre des options. Il arrivera le 1er octobre et son profil viendra parfaitement compenser la blessure de Jules Plisson. \u00bb<\/p>\n<p>Si l\u2019adaptation au rythme et aux exigences de la Pro D2 sera un passage oblig\u00e9, le technicien est convaincu que Muntz poss\u00e8de toutes les qualit\u00e9s physiques et mentales pour s\u2019imposer rapidement.<\/p>\n<p>Annonc\u00e9 comme l\u2019un des renforts les plus attendus de la saison 2025-2026, Muntz pourrait bien devenir l\u2019une des pi\u00e8ces ma\u00eetresses de Provence Rugby dans sa qu\u00eate d\u2019accession au Top 14.<\/p>\n","protected":false},"excerpt":{"rendered":"\u00c0 23 ans, Caleb Muntz s\u2019appr\u00eate \u00e0 relever un nouveau d\u00e9fi en posant ses valises \u00e0 Provence Rugby.&hellip;\n","protected":false},"author":2,"featured_media":236339,"comment_status":"","ping_status":"","sticky":false,"template":"","format":"standard","meta":{"footnotes":""},"categories":[1416],"tags":[1011,27,479,1468,60],"class_list":{"0":"post-310440","1":"post","2":"type-post","3":"status-publish","4":"format-standard","5":"has-post-thumbnail","7":"category-rugby","8":"tag-fr","9":"tag-france","10":"tag-rugby","11":"tag-rugby-football","12":"tag-sports"},"share_on_mastodon":{"url":"https:\/\/pubeurope.com\/@fr\/115007147472818404","error":""},"_links":{"self":[{"href":"https:\/\/www.europesays.com\/fr\/wp-json\/wp\/v2\/posts\/310440","targetHints":{"allow":["GET"]}}],"collection":[{"href":"https:\/\/www.europesays.com\/fr\/wp-json\/wp\/v2\/posts"}],"about":[{"href":"https:\/\/www.europesays.com\/fr\/wp-json\/wp\/v2\/types\/post"}],"author":[{"embeddable":true,"href":"https:\/\/www.europesays.com\/fr\/wp-json\/wp\/v2\/users\/2"}],"replies":[{"embeddable":true,"href":"https:\/\/www.europesays.com\/fr\/wp-json\/wp\/v2\/comments?post=310440"}],"version-history":[{"count":0,"href":"https:\/\/www.europesays.com\/fr\/wp-json\/wp\/v2\/posts\/310440\/revisions"}],"wp:featuredmedia":[{"embeddable":true,"href":"https:\/\/www.europesays.com\/fr\/wp-json\/wp\/v2\/media\/236339"}],"wp:attachment":[{"href":"https:\/\/www.europesays.com\/fr\/wp-json\/wp\/v2\/media?parent=310440"}],"wp:term":[{"taxonomy":"category","embeddable":true,"href":"https:\/\/www.europesays.com\/fr\/wp-json\/wp\/v2\/categories?post=310440"},{"taxonomy":"post_tag","embeddable":true,"href":"https:\/\/www.europesays.com\/fr\/wp-json\/wp\/v2\/tags?post=310440"}],"curies":[{"name":"wp","href":"https:\/\/api.w.org\/{rel}","templated":true}]}}