{"id":31045,"date":"2025-04-17T06:45:10","date_gmt":"2025-04-17T06:45:10","guid":{"rendered":"https:\/\/www.europesays.com\/fr\/31045\/"},"modified":"2025-04-17T06:45:10","modified_gmt":"2025-04-17T06:45:10","slug":"les-premiers-chiffres-sont-a-la-baisse","status":"publish","type":"post","link":"https:\/\/www.europesays.com\/fr\/31045\/","title":{"rendered":"les premiers chiffres sont \u00e0 la baisse"},"content":{"rendered":"<p>            Par<br \/>\n        <strong><br \/>\n            <a href=\"https:\/\/actu.fr\/auteur\/annesophie-2\" title=\"Consulter tous les articles de Anne-Sophie Hourdeaux\" rel=\"nofollow noopener\" target=\"_blank\">Anne-Sophie Hourdeaux<\/a><br \/>\n        <\/strong><\/p>\n<p>        Publi\u00e9 le<\/p>\n<p>            16 avr. 2025 \u00e0 13h58        <\/p>\n<p>La tendance est \u00e0 la baisse, comme de nombreux dioc\u00e8ses. \u00ab\u2009En 2023, la collecte du <b>Denier de l\u2019\u00c9glise<\/b> \u00e9tait de 6, 075\u00a0millions d\u2019euros\u2009; en 2024, c\u2019\u00e9tait 5,760\u00a0millions\u2009\u00bb signale le<b> dioc\u00e8se de <a href=\"https:\/\/actu.fr\/hauts-de-france\/lille_59350\" rel=\"nofollow noopener\" target=\"_blank\">Lille<\/a><\/b>. Alors que <b>la campagne du Denier<\/b> <b>de l\u2019\u00c9glise <\/b>est lanc\u00e9e depuis d\u00e9but mars\u00a02025, le premier constat est \u00e0 la baisse, avec pr\u00e8s <b>de 9\u2009% de baisse par rapport \u00e0 2024. <\/b>En m\u00eame temps, <b>les demandes de bapt\u00eames d\u2019adultes et d\u2019ados explosent\u2009!<\/b><\/p>\n<p>281 pr\u00eatres, 234 la\u00efcs salari\u00e9s<\/p>\n<p class=\" wall-content\">Une baisse inqui\u00e9tante. Le dioc\u00e8se de Lille compte 281 pr\u00eatres et 234 la\u00efcs salari\u00e9s (172 \u00e9quivalent temps plein). Par exemple, le dioc\u00e8se de Lille compte 17 aum\u00f4niers de prison, dont 4 sont salari\u00e9s. Christ\u00e8le Bouvier en fait partie\u2009: \u00ab\u2009On propose une \u00e9coute individuelle en cellule, un partage biblique en groupe, des c\u00e9l\u00e9brations, des activit\u00e9s manuelles aussi. Cet accompagnement est source d\u2019apaisement et aussi de r\u00e9insertion. Pour tenir, car ce qu\u2019on \u00e9coute est lourd, on a besoin de formation, de relecture avec un psychologue, de relecture spirituelle\u2009\u00bb.<\/p>\n<p class=\" wall-content\">Pour financer tous les salaires, il faut 13\u00a0millions d\u2019euros. La diff\u00e9rence est compens\u00e9e par d\u2019autres ressources, comme les legs, les p\u00e8lerinages, l\u2019h\u00f4tellerie, les ventes de biens immobiliers.<\/p>\n<p>Un trou de 4\u00a0millions par an<\/p>\n<p class=\" wall-content\">Mais il reste un \u00ab\u2009trou\u2009\u00bb de 4\u00a0millions d\u2019euros chaque ann\u00e9e, \u00ab\u2009pris sur notre livret de caisse d\u2019\u00e9pargne\u2009\u00bb signale l\u2019\u00e9conome, Jean-Fran\u00e7ois Delaby. \u00ab\u2009Il faut donc arr\u00eater de vivre au-dessus de nos moyens, d\u2019autant que les charges augmentent, et limiter nos d\u00e9penses\u2009\u00bb.<\/p>\n<p>Le boom des bapt\u00eames\u2009: un paradoxe<\/p>\n<p class=\" wall-content\">Cette \u00e9rosion arrive dans un contexte de dynamisme cette ann\u00e9e, avec un boom des demandes de sacrements d\u2019ados et d\u2019adultes. \u00ab\u2009Une situation paradoxale\u2009\u00bb point\u00e9e par Mgr le Boulc\u2019h, archev\u00eaque. \u00ab\u2009Nos moyens sont en chute, alors que plus de gens toquent \u00e0 la porte. Je ne veux pas d\u2019une \u00c9glise riche, c\u2019est un pi\u00e8ge pour le message \u00e9vang\u00e9lique, mais il nous faut des ressources pour accompagner les gens\u2009\u00bb.<\/p>\n<p class=\" wall-content\">Le dioc\u00e8se de Lille aura 188\u00a0adultes baptis\u00e9s \u00e0 P\u00e2ques 2025, c\u2019\u00e9tait 166 en 2024. Pour les coll\u00e9giens et lyc\u00e9ens, ce sera 460 (292 en 2024). Au niveau national, c\u2019est plus 45\u2009% en un an\u2009!<\/p>\n<p class=\" wall-content\">Le p\u00e8re Christophe Danset, responsable de la Pastorale des jeunes, est t\u00e9moin privil\u00e9gi\u00e9 de l\u2019afflux de jeunes qui se pr\u00e9sentent \u00e0 l\u2019\u00e9glise, surtout depuis ce car\u00eame. \u00ab\u2009Les messes des Cendres ont \u00e9t\u00e9 tr\u00e8s suivies par les jeunes. C\u2019est une g\u00e9n\u00e9ration inqui\u00e8te, avec la guerre, la crise \u00e9cologique, les probl\u00e8mes de sant\u00e9 mentale. Il faut s\u2019adapter \u00e0 les accueillir car ce sont tr\u00e8s majoritairement des jeunes qui n\u2019ont jamais fr\u00e9quent\u00e9 l\u2019\u00c9glise et qui d\u00e9couvrent la foi sur les r\u00e9seaux sociaux. Cela demande du temps pour les accompagner et une \u00e9coute\u2009\u00bb.<\/p>\n<p>Don m\u00e9dian\u2009: 115\u00a0\u20ac<\/p>\n<p class=\" wall-content\">Pour continuer \u00e0 assurer la mission avec des gens form\u00e9s, le dioc\u00e8se de Lille lance un appel pour motiver les donateurs. \u00ab\u2009On a besoin de vous\u2009!\u2009\u00bb dit Am\u00e9lie Loiseau, de l\u2019\u00e9quipe ressources. \u00ab\u2009Il n\u2019y a pas de petits dons. Nos donateurs ont baiss\u00e9 de 7\u2009% entre\u00a02023 et\u00a02024. Le don moyen est de 298\u00a0\u20ac, le don m\u00e9dian de 115\u00a0\u20ac\u00bb.<\/p>\n<p class=\" wall-content\">35\u2009% de la collecte se fait d\u00e9sormais en pr\u00e9l\u00e8vement automatique.<\/p>\n<p>Donner au Denier\u2009: donnons-lille.catholique.fr<\/p>\n<p class=\" wall-content\">Suivez toute l\u2019actualit\u00e9 de vos villes et m\u00e9dias favoris en vous inscrivant \u00e0 <a href=\"https:\/\/moncompte.actu.fr\" title=\"D\u00e9couvez Mon Actu\" rel=\"nofollow noopener\" data-trk=\"{&quot;cta&quot;:{&quot;action&quot;:&quot;https:\\\/\\\/moncompte.actu.fr&quot;,&quot;category&quot;:&quot;mon compte&quot;,&quot;from&quot;:&quot;article footer&quot;,&quot;name&quot;:&quot;Mon actu&quot;,&quot;type&quot;:&quot;cta&quot;}}\" target=\"_blank\">Mon Actu<\/a>.<\/p>\n","protected":false},"excerpt":{"rendered":"Par Anne-Sophie Hourdeaux Publi\u00e9 le 16 avr. 2025 \u00e0 13h58 La tendance est \u00e0 la baisse, comme de&hellip;\n","protected":false},"author":2,"featured_media":31046,"comment_status":"","ping_status":"","sticky":false,"template":"","format":"standard","meta":{"footnotes":""},"categories":[2815],"tags":[1111,11,1777,674,1011,27,811,1307,12,4020,25,104],"class_list":{"0":"post-31045","1":"post","2":"type-post","3":"status-publish","4":"format-standard","5":"has-post-thumbnail","7":"category-lille","8":"tag-actu","9":"tag-actualites","10":"tag-eu","11":"tag-europe","12":"tag-fr","13":"tag-france","14":"tag-hauts-de-france","15":"tag-lille","16":"tag-news","17":"tag-religion","18":"tag-republique-francaise","19":"tag-societe"},"share_on_mastodon":{"url":"https:\/\/pubeurope.com\/@fr\/114351959168670317","error":""},"_links":{"self":[{"href":"https:\/\/www.europesays.com\/fr\/wp-json\/wp\/v2\/posts\/31045","targetHints":{"allow":["GET"]}}],"collection":[{"href":"https:\/\/www.europesays.com\/fr\/wp-json\/wp\/v2\/posts"}],"about":[{"href":"https:\/\/www.europesays.com\/fr\/wp-json\/wp\/v2\/types\/post"}],"author":[{"embeddable":true,"href":"https:\/\/www.europesays.com\/fr\/wp-json\/wp\/v2\/users\/2"}],"replies":[{"embeddable":true,"href":"https:\/\/www.europesays.com\/fr\/wp-json\/wp\/v2\/comments?post=31045"}],"version-history":[{"count":0,"href":"https:\/\/www.europesays.com\/fr\/wp-json\/wp\/v2\/posts\/31045\/revisions"}],"wp:featuredmedia":[{"embeddable":true,"href":"https:\/\/www.europesays.com\/fr\/wp-json\/wp\/v2\/media\/31046"}],"wp:attachment":[{"href":"https:\/\/www.europesays.com\/fr\/wp-json\/wp\/v2\/media?parent=31045"}],"wp:term":[{"taxonomy":"category","embeddable":true,"href":"https:\/\/www.europesays.com\/fr\/wp-json\/wp\/v2\/categories?post=31045"},{"taxonomy":"post_tag","embeddable":true,"href":"https:\/\/www.europesays.com\/fr\/wp-json\/wp\/v2\/tags?post=31045"}],"curies":[{"name":"wp","href":"https:\/\/api.w.org\/{rel}","templated":true}]}}