{"id":310455,"date":"2025-08-10T23:57:21","date_gmt":"2025-08-10T23:57:21","guid":{"rendered":"https:\/\/www.europesays.com\/fr\/310455\/"},"modified":"2025-08-10T23:57:21","modified_gmt":"2025-08-10T23:57:21","slug":"cinq-livres-a-lire-en-echo-aux-propos-du-pape","status":"publish","type":"post","link":"https:\/\/www.europesays.com\/fr\/310455\/","title":{"rendered":"cinq\u00a0livres \u00e0 lire en \u00e9cho aux propos du pape"},"content":{"rendered":"<p>\u00ab\u00a0L\u2019amiti\u00e9 peut changer le monde, elle peut \u00eatre le chemin vers la paix\u00a0\u00bb, concluait \u00e0 Rome le <a href=\"https:\/\/www.la-croix.com\/religion\/face-a-un-million-de-jeunes-leon-xiv-preche-l-amitie-un-chemin-vers-la-paix-20250802\" data-tracking=\"inpage_click\" data-tracking-action=\"suivre un lien dans l&#039;article\" data-tracking-category=\"engagement\" rel=\"nofollow noopener\" target=\"_blank\">pape L\u00e9on\u00a0XIV<\/a> au terme du Jubil\u00e9 des jeunes. Cette amiti\u00e9 salvatrice, nous la connaissons sous la plume de Montaigne, de Romain Gary, Simone de Beauvoir ou Alexandre Dumas. Jules Renard aimait s\u2019en moquer en n\u2019y voyant qu\u2019un \u00ab\u00a0oiseau d\u2019amour \u00e0 la queue coup\u00e9e\u00a0\u00bb, tandis que Balzac \u00e9crivait que \u00ab\u00a0ce qui rend les amiti\u00e9s indissolubles et double leur charme est un sentiment qui manque \u00e0 l\u2019amour\u00a0: la certitude\u00a0\u00bb. Voici cinq livres qui examinent diff\u00e9remment nos relations amicales et imaginent d\u2019autres fa\u00e7ons de cheminer dans l\u2019existence avec elles.<\/p>\n<p>Cet article est r\u00e9serv\u00e9 aux abonn\u00e9s<\/p>\n<p>\n                    Vous souhaitez lire la suite\u00a0? Abonnez-vous sans engagement \u00e0 notre offre num\u00e9rique\n                <\/p>\n<p>                <a href=\"https:\/\/www.la-croix.com\/abonnement\" class=\"default-paywall__subscribe-button\" data-tracking=\"cta_click\" data-tracking-action=\"voir la page abonnement\" data-tracking-category=\"abonnement\" rel=\"nofollow noopener\" target=\"_blank\">Je m&rsquo;abonne<\/a><\/p>\n","protected":false},"excerpt":{"rendered":"\u00ab\u00a0L\u2019amiti\u00e9 peut changer le monde, elle peut \u00eatre le chemin vers la paix\u00a0\u00bb, concluait \u00e0 Rome le pape&hellip;\n","protected":false},"author":2,"featured_media":310456,"comment_status":"","ping_status":"","sticky":false,"template":"","format":"standard","meta":{"footnotes":""},"categories":[1357],"tags":[1379,58,59,1011,27,1380],"class_list":{"0":"post-310455","1":"post","2":"type-post","3":"status-publish","4":"format-standard","5":"has-post-thumbnail","7":"category-livres","8":"tag-books","9":"tag-divertissement","10":"tag-entertainment","11":"tag-fr","12":"tag-france","13":"tag-livres"},"share_on_mastodon":{"url":"https:\/\/pubeurope.com\/@fr\/115007182879049125","error":""},"_links":{"self":[{"href":"https:\/\/www.europesays.com\/fr\/wp-json\/wp\/v2\/posts\/310455","targetHints":{"allow":["GET"]}}],"collection":[{"href":"https:\/\/www.europesays.com\/fr\/wp-json\/wp\/v2\/posts"}],"about":[{"href":"https:\/\/www.europesays.com\/fr\/wp-json\/wp\/v2\/types\/post"}],"author":[{"embeddable":true,"href":"https:\/\/www.europesays.com\/fr\/wp-json\/wp\/v2\/users\/2"}],"replies":[{"embeddable":true,"href":"https:\/\/www.europesays.com\/fr\/wp-json\/wp\/v2\/comments?post=310455"}],"version-history":[{"count":0,"href":"https:\/\/www.europesays.com\/fr\/wp-json\/wp\/v2\/posts\/310455\/revisions"}],"wp:featuredmedia":[{"embeddable":true,"href":"https:\/\/www.europesays.com\/fr\/wp-json\/wp\/v2\/media\/310456"}],"wp:attachment":[{"href":"https:\/\/www.europesays.com\/fr\/wp-json\/wp\/v2\/media?parent=310455"}],"wp:term":[{"taxonomy":"category","embeddable":true,"href":"https:\/\/www.europesays.com\/fr\/wp-json\/wp\/v2\/categories?post=310455"},{"taxonomy":"post_tag","embeddable":true,"href":"https:\/\/www.europesays.com\/fr\/wp-json\/wp\/v2\/tags?post=310455"}],"curies":[{"name":"wp","href":"https:\/\/api.w.org\/{rel}","templated":true}]}}