{"id":310457,"date":"2025-08-10T23:58:13","date_gmt":"2025-08-10T23:58:13","guid":{"rendered":"https:\/\/www.europesays.com\/fr\/310457\/"},"modified":"2025-08-10T23:58:13","modified_gmt":"2025-08-10T23:58:13","slug":"mercredi-saison-2-et-si-spoiler-netait-pas-seule-derriere-les-meurtres-des-corbeaux-nos-deux-theories-les-plus-fortes-programme-tv-net","status":"publish","type":"post","link":"https:\/\/www.europesays.com\/fr\/310457\/","title":{"rendered":"Mercredi saison 2 : Et si (SPOILER) n&#039;\u00e9tait pas seule derri\u00e8re les meurtres des corbeaux ? Nos deux th\u00e9ories les plus fortes &#8211; programme-tv.net"},"content":{"rendered":"<ol>\n<li><a href=\"https:\/\/news.google.com\/rss\/articles\/CBMi_wFBVV95cUxPRDlzcnJSMnNrSTlhYWRRTkJ5a2c5T1BVMzBLU2NGbnE5TUlsN0FmZmZIVFFkdnU4LWdZUkpKMVBnOTZSeEhGOEowMmNveHlXZXJHaWxya1ZycXRUcmNyeXlnRlBBUTU3cDNFUldTdGpmUy1PYjBfYjRONHdwNDYwSElvQk5zX2JKT0tGUEtkMHlXYVJkSmRwZ1N6WTl6UVBZeEVWVE5hUVRfNWpkM2p4RFdJTVhLVEN3ZkJGckhwQzNBQU9SdHc4REZ6Y1IxRnNRTldJZEJPTWhWa2lnTjFRRDhYWXJNZ3BhVjdhLVBrOXY0c3ctREU0RWt2Wk42VUk?oc=5\" target=\"_blank\" rel=\"nofollow noopener\">Mercredi saison 2 : Et si (SPOILER) n&rsquo;\u00e9tait pas seule derri\u00e8re les meurtres des corbeaux ? Nos deux th\u00e9ories les plus fortes<\/a>&nbsp;&nbsp;programme-tv.net<\/li>\n<li><a href=\"https:\/\/news.google.com\/rss\/articles\/CBMipAJBVV95cUxORmZEbW4tdGpqV2NYWmtPNVdseFZkM0ZRUkRIaTNJWTJuQ0RQZXR0bm9SRm4tZEJhWkxmZzJ5aUNwdUFQSEw1RjBxMEZia3ViQy1QenJodFh2WGxPcWtlTkw3OW04UmJpTHItNWxCYWtBVlgyc21mMlRCTXBTckN5clA3YnhrRnBRMmJick81dThBekpDUllMekJxdHpTWGc0T1lqTGJsd2x2Tk5qOElmRDI1cHlMWWQxMElNNHdnak9HRnJwY3V1MEJtT1BOdWpoM0Q5WnRHZkEwU1B5RjQ4OVAtTzZFZWJ5R010cUIycXlEaldvS1Q1Ml9IWEdHbHhYckdTZm1QLWpkRHUxUkFOeC0xaHh4a3lOYXJjUnVqTTZOQjBV?oc=5\" target=\"_blank\" rel=\"nofollow noopener\">\u00ab Mercredi \u00bb sur Netflix : du plus oubliable au plus marquant, on a class\u00e9 dix nouveaux personnages de la saison 2<\/a>&nbsp;&nbsp;Le Parisien<\/li>\n<li><a href=\"https:\/\/news.google.com\/rss\/articles\/CBMiqAFBVV95cUxNQl9MLWNTV2J2Qk4xMVNPU0g2ZDBPV2gta3EzV1R5MFY4S2tHRkp4cW01TTZ3al9EMlVsTXFvbzluT1VGOGlLcVIwbEp0bW1mM0J0NGlGV0kwaU0zMGRBSUFtR3NscEdYQ09vSVJua3psc3BxSjZ1LW5oWFEtMkdyLUVPdHhLc2V2Mk5qeUZnTDZOZnhHNWhDZVdjMmpVSXNDUzM2c3RZbkw?oc=5\" target=\"_blank\" rel=\"nofollow noopener\">Tailleur-jupe et chapeau XXL, Jenna Ortega donne sa version du style New Look<\/a>&nbsp;&nbsp;journaldesfemmes.fr<\/li>\n<li><a href=\"https:\/\/news.google.com\/rss\/articles\/CBMifkFVX3lxTE84MkZQUkMyRTJXMzlrMDFkZGM1VUFxbDFKVXRFWEZFcTZwc2VrdUJ3eFJYNkJOc0FOZ21uRFlhZF9qYTFZTmJmR2p3T2JGdm45Y1hnRUh5OXlJb3hLOWxoZDBCZllIaGctS3JSbmR6Mi1VRE1ZdEJqV3k4RWppQQ?oc=5\" target=\"_blank\" rel=\"nofollow noopener\">Mercredi saison 2 : qui est Oph\u00e9lia et quelle importance aura-t-elle dans la partie 2 ?<\/a>&nbsp;&nbsp;AlloCin\u00e9<\/li>\n<li><a href=\"https:\/\/news.google.com\/rss\/articles\/CBMic0FVX3lxTE1KMi1TeHc1ZHVZYWk0MFRDd1pOLTFmUEh4bFllVU91bVJhTFBTR1A3MlpvUm9OWUlxQ0kwaFBJaGhWbkJOVEt5ME9VVXduamd4TDBlM0N0WUpqYlB2S0Zuam45cVc2T0tidzVvOEVlQ0JTZGc?oc=5\" target=\"_blank\" rel=\"nofollow noopener\">Jenna Ortega (22 ans) ose la chevelure XXL : l&rsquo;actrice sort le grand jeu version dark chic<\/a>&nbsp;&nbsp;Yahoo Life France<\/li>\n<\/ol>\n","protected":false},"excerpt":{"rendered":"Mercredi saison 2 : Et si (SPOILER) n&rsquo;\u00e9tait pas seule derri\u00e8re les meurtres des corbeaux ? Nos deux&hellip;\n","protected":false},"author":2,"featured_media":1445,"comment_status":"","ping_status":"","sticky":false,"template":"","format":"standard","meta":{"footnotes":""},"categories":[1356],"tags":[58,59,1011,27,252,1364],"class_list":{"0":"post-310457","1":"post","2":"type-post","3":"status-publish","4":"format-standard","5":"has-post-thumbnail","7":"category-television","8":"tag-divertissement","9":"tag-entertainment","10":"tag-fr","11":"tag-france","12":"tag-television","13":"tag-tv"},"share_on_mastodon":{"url":"https:\/\/pubeurope.com\/@fr\/115007186757399379","error":""},"_links":{"self":[{"href":"https:\/\/www.europesays.com\/fr\/wp-json\/wp\/v2\/posts\/310457","targetHints":{"allow":["GET"]}}],"collection":[{"href":"https:\/\/www.europesays.com\/fr\/wp-json\/wp\/v2\/posts"}],"about":[{"href":"https:\/\/www.europesays.com\/fr\/wp-json\/wp\/v2\/types\/post"}],"author":[{"embeddable":true,"href":"https:\/\/www.europesays.com\/fr\/wp-json\/wp\/v2\/users\/2"}],"replies":[{"embeddable":true,"href":"https:\/\/www.europesays.com\/fr\/wp-json\/wp\/v2\/comments?post=310457"}],"version-history":[{"count":0,"href":"https:\/\/www.europesays.com\/fr\/wp-json\/wp\/v2\/posts\/310457\/revisions"}],"wp:featuredmedia":[{"embeddable":true,"href":"https:\/\/www.europesays.com\/fr\/wp-json\/wp\/v2\/media\/1445"}],"wp:attachment":[{"href":"https:\/\/www.europesays.com\/fr\/wp-json\/wp\/v2\/media?parent=310457"}],"wp:term":[{"taxonomy":"category","embeddable":true,"href":"https:\/\/www.europesays.com\/fr\/wp-json\/wp\/v2\/categories?post=310457"},{"taxonomy":"post_tag","embeddable":true,"href":"https:\/\/www.europesays.com\/fr\/wp-json\/wp\/v2\/tags?post=310457"}],"curies":[{"name":"wp","href":"https:\/\/api.w.org\/{rel}","templated":true}]}}