{"id":310460,"date":"2025-08-11T00:00:49","date_gmt":"2025-08-11T00:00:49","guid":{"rendered":"https:\/\/www.europesays.com\/fr\/310460\/"},"modified":"2025-08-11T00:00:49","modified_gmt":"2025-08-11T00:00:49","slug":"angele-et-tony-dalix-delaporte-un-conte-de-fees-touchant-et-insolite-telerama","status":"publish","type":"post","link":"https:\/\/www.europesays.com\/fr\/310460\/","title":{"rendered":"\u201cAng\u00e8le et Tony\u201d, d\u2019Alix Delaporte : un conte de f\u00e9es touchant et insolite &#8211; T\u00e9l\u00e9rama"},"content":{"rendered":"<ol>\n<li><a href=\"https:\/\/news.google.com\/rss\/articles\/CBMitwFBVV95cUxOckZYV1IxMk9xd1pQWm92RFpYQk80dktMTTZwYWJ5c0h3U2JzQnBTQzRaVXhUNjgyVXdsSE50UnluOGRGM1h3Qk1KcjdRc0k4Qi1sODdfUGpfLWdhLU1LNG4zdWs4MmtxdFlYZ3otTnhGdDRWckdWdjFhWnB2Rm56aGREbzgwZEI4bGhLeGhxdWlwcExYZkJEU251OUZJUTc3VDJtbGZDTERHaHFHcGkyOWpQdlRKekU?oc=5\" target=\"_blank\" rel=\"nofollow noopener\">\u201cAng\u00e8le et Tony\u201d, d\u2019Alix Delaporte : un conte de f\u00e9es touchant et insolite<\/a>&nbsp;&nbsp;T\u00e9l\u00e9rama<\/li>\n<li><a href=\"https:\/\/news.google.com\/rss\/articles\/CBMidkFVX3lxTE1nX0IydFg4R0VqRXhMOUE5RHJNUE5senVyb3FoeXFkandNdUEyWUJFZS0wWGdMbzlrRGVWV2JEQ0ZicHE5WXVBNGJacXUtV3ZDeldoMUw0X3RUWFNiUHpoS2JrSnlJV1V4SEVjTW5jOGE0Y2g2dXc?oc=5\" target=\"_blank\" rel=\"nofollow noopener\">Ang\u00e8le et Tony en replay<\/a>&nbsp;&nbsp;France TV<\/li>\n<li><a href=\"https:\/\/news.google.com\/rss\/articles\/CBMinAFBVV95cUxQbHVOcV9mS18yTno1VkttS3BnYlNfVGdwWU5RbTd6eUNObFFSdms0YmVXcy1FRFo5ZzZzLTN5akwyN1ZuVTlOMUVOT1pGV2F3anY3dk45cklvRDh5aG5XLXVudFNVZGpzamxSVEc1TWpSM1hlelFteHVfZUNTSUFUaHVVTFh6bTRkaG1haDhmQ0JRekhpeDVNSm9sazU?oc=5\" target=\"_blank\" rel=\"nofollow noopener\">Ce soir \u00e0 la t\u00e9l\u00e9 : notre s\u00e9lection du jeudi 7 ao\u00fbt<\/a>&nbsp;&nbsp;T\u00e9l\u00e9rama<\/li>\n<li><a href=\"https:\/\/news.google.com\/rss\/articles\/CBMingFBVV95cUxPNlFCMVZrbEtfZ2kxNDk0SW9ROUI5dFlvdTVMZzZmZFhBV252dHJhLWZrR1U1Z0ZVYWpVak1mcTdET2NUTTNPOXRSRzQwV3FwNGdBX3R3RFh0SFFMeFRDRnQ4dVVKZDhZWnR5NlFnbFFGSUF4Z01JSHJkVU50M0M5SENHd3BGeFFDMzc2eDNtVENRNzJTXzhzSk14Y1dFZw?oc=5\" target=\"_blank\" rel=\"nofollow noopener\">\u00ab Ang\u00e8le et Tony \u00bb : l\u2019ours et la sauvageonne<\/a>&nbsp;&nbsp;Le Nouvel Obs<\/li>\n<li><a href=\"https:\/\/news.google.com\/rss\/articles\/CBMi9gFBVV95cUxOX2V3MnJtendXb1RoMGlPd010SFhPQWxoTHdLWk91RkNrLTFFRk9VMlJWeldGWHNzZFZMOVc1T0FTY0I2bWlQTWk5NkVjbXFRUkoyVmdIYXJKWjEtdHlWRVJTNGhyNXN4c3hHcldaQjhMN054VTRNaGdHZkpzQUE4akJSUTFRc0gwQUhHNm54WmRLNFJQSFRJejU5RW1RQjhYLXJTR2NuOUU1ZDlQdmV2a21mM3daSlNwSWt2dnVUaGwzdzZ5T1NLcGpxTDlXSXEwemZoSFQ5eUlmcW9qZzctbHVRcnpJSXRLMVc2SE5nQlNsQ2lOLUE?oc=5\" target=\"_blank\" rel=\"nofollow noopener\">Ang\u00e8le et Tony, Le deuxi\u00e8me souffle&#8230; Quels bons films regarder \u00e0 a la t\u00e9l\u00e9 ce jeudi 7 ao\u00fbt?<\/a>&nbsp;&nbsp;moustique.be<\/li>\n<\/ol>\n","protected":false},"excerpt":{"rendered":"\u201cAng\u00e8le et Tony\u201d, d\u2019Alix Delaporte : un conte de f\u00e9es touchant et insolite&nbsp;&nbsp;T\u00e9l\u00e9rama Ang\u00e8le et Tony en replay&nbsp;&nbsp;France&hellip;\n","protected":false},"author":2,"featured_media":310461,"comment_status":"","ping_status":"","sticky":false,"template":"","format":"standard","meta":{"footnotes":""},"categories":[1354],"tags":[58,59,1346,1011,27,1360],"class_list":{"0":"post-310460","1":"post","2":"type-post","3":"status-publish","4":"format-standard","5":"has-post-thumbnail","7":"category-films","8":"tag-divertissement","9":"tag-entertainment","10":"tag-films","11":"tag-fr","12":"tag-france","13":"tag-movies"},"share_on_mastodon":{"url":"https:\/\/pubeurope.com\/@fr\/115007198504455162","error":""},"_links":{"self":[{"href":"https:\/\/www.europesays.com\/fr\/wp-json\/wp\/v2\/posts\/310460","targetHints":{"allow":["GET"]}}],"collection":[{"href":"https:\/\/www.europesays.com\/fr\/wp-json\/wp\/v2\/posts"}],"about":[{"href":"https:\/\/www.europesays.com\/fr\/wp-json\/wp\/v2\/types\/post"}],"author":[{"embeddable":true,"href":"https:\/\/www.europesays.com\/fr\/wp-json\/wp\/v2\/users\/2"}],"replies":[{"embeddable":true,"href":"https:\/\/www.europesays.com\/fr\/wp-json\/wp\/v2\/comments?post=310460"}],"version-history":[{"count":0,"href":"https:\/\/www.europesays.com\/fr\/wp-json\/wp\/v2\/posts\/310460\/revisions"}],"wp:featuredmedia":[{"embeddable":true,"href":"https:\/\/www.europesays.com\/fr\/wp-json\/wp\/v2\/media\/310461"}],"wp:attachment":[{"href":"https:\/\/www.europesays.com\/fr\/wp-json\/wp\/v2\/media?parent=310460"}],"wp:term":[{"taxonomy":"category","embeddable":true,"href":"https:\/\/www.europesays.com\/fr\/wp-json\/wp\/v2\/categories?post=310460"},{"taxonomy":"post_tag","embeddable":true,"href":"https:\/\/www.europesays.com\/fr\/wp-json\/wp\/v2\/tags?post=310460"}],"curies":[{"name":"wp","href":"https:\/\/api.w.org\/{rel}","templated":true}]}}