{"id":310467,"date":"2025-08-11T00:05:13","date_gmt":"2025-08-11T00:05:13","guid":{"rendered":"https:\/\/www.europesays.com\/fr\/310467\/"},"modified":"2025-08-11T00:05:13","modified_gmt":"2025-08-11T00:05:13","slug":"la-poste-va-augmenter-fortement-ses-tarifs-en-2026","status":"publish","type":"post","link":"https:\/\/www.europesays.com\/fr\/310467\/","title":{"rendered":"La Poste va augmenter fortement ses tarifs en 2026"},"content":{"rendered":"<p itemprop=\"description\">La Poste vient de l\u2019annoncer : l&rsquo;envoi de courriers co\u00fbtera plus cher en 2026. \u00c0 quelles hausses faut-il s&rsquo;attendre ?<\/p>\n<p>La Poste compte parmi les entreprises les plus ancr\u00e9es dans la soci\u00e9t\u00e9 fran\u00e7aise. Depuis 1991, nous envoyons et recevons notre courrier gr\u00e2ce au service de l\u2019enveloppe bleue \u00e0 fond jaune. Mais depuis plusieurs ann\u00e9es, La Poste est en difficult\u00e9. Pour pallier ce manque d\u2019activit\u00e9, elle augmente ses tarifs d\u2019envoi. Au 1\u1d49\u02b3 janvier 2026, il faudra vous attendre \u00e0 une forte augmentation des prix. Mais de combien pr\u00e9cis\u00e9ment ? On fait le point avec le m\u00e9dia Planet.<\/p>\n<p>   La Poste conna\u00eet des moments compliqu\u00e9s depuis plusieurs ann\u00e9es <\/p>\n<p>Nous connaissons tous l\u2019entreprise d\u2019envois de courriers en France : <strong>La Poste.<\/strong> Certains d\u2019entre nous vont m\u00eame jusqu\u2019\u00e0 utiliser ses services de banque, c\u2019est dire \u00e0 quel point cette soci\u00e9t\u00e9 fait partie de <strong>notre quotidien depuis plusieurs d\u00e9cennies<\/strong>. Mais La Poste conna\u00eet une <a href=\"https:\/\/www.maison-travaux.fr\/actualites\/budget\/mauvaise-nouvelle-la-poste-augmente-prix-date-voici-combien-payer-lettres-colis-570386.html\" target=\"_blank\" rel=\"noopener\">baisse d\u2019activit\u00e9s<\/a> depuis plusieurs ann\u00e9es.<\/p>\n<p>En cause ? <strong>L\u2019av\u00e8nement du num\u00e9rique,<\/strong> qui entra\u00eene depuis le d\u00e9but des ann\u00e9es 2000 une pr\u00e9f\u00e9rence pour les <a href=\"https:\/\/www.maison-travaux.fr\/actualites\/fin-officielle-mails-longs-589064.html\" target=\"_blank\" rel=\"noopener\">courriers num\u00e9riques<\/a> plut\u00f4t que leur version postale. De fait, pour continuer \u00e0 assurer ses services <strong>six jours sur sept<\/strong>, l\u2019entreprise doit augmenter le prix de ses services postaux. Mais \u00e0 quelle hausse devons-nous nous pr\u00e9parer ?<\/p>\n<p> Voici la hausse des tarifs annonc\u00e9e par La Poste au 1\u1d49\u02b3 janvier 2026 <\/p>\n<p>Dans un communiqu\u00e9 propos\u00e9 \u00e0 l\u2019Agence France Presse <strong>le lundi 28 juillet 2025,<\/strong> La Poste a indiqu\u00e9 que ses tarifs d\u2019envois postaux augmenteraient en moyenne de <strong>7.4 %, apr\u00e8s une hausse de 6.8 % d\u00e9j\u00e0 op\u00e9r\u00e9e en 2025<\/strong>. Pour le timbre <a href=\"https:\/\/www.maison-travaux.fr\/amenagements-exterieurs\/bordure-allee\/boite-a-lettres-regle-meconnue-sanction-584625.html\" target=\"_blank\" rel=\"noopener\">d\u2019une lettre<\/a> verte ? La hausse sera m\u00eame de 9.35 %, faisant passer son prix de 1.39 euro<strong> \u00e0 1.52 euro<\/strong> tout de m\u00eame.<\/p>\n<p>Pour une lettre recommand\u00e9e moyenne, le prix passera quant \u00e0 lui de 5.74 \u00e0 6.11 euros. M\u00eame <strong>la version num\u00e9rique de la lettre prioritaire,<\/strong> l\u2019e-lettre rouge, verra son prix augmenter de 11 centimes pour s\u2019\u00e9tablir \u00e0 1.60 euro. Les envois internationaux <a href=\"https:\/\/www.maison-travaux.fr\/actualites\/budget\/livraison-express-taxe-amazon-combien-payer-585938.html\" target=\"_blank\" rel=\"noopener\">de courriers et de colis<\/a> ne d\u00e9rogeront pas non plus \u00e0 la r\u00e8gle. Il faudra compter 2.25 euros les 20 grammes<strong> contre 2.10 euros en 2025.<\/strong><\/p>\n<p>\t\t\t\t<img decoding=\"async\" src=\"data:image\/svg+xml,%3Csvg%20xmlns=\" http:=\"\" width=\"100%\" height=\"auto\" data-lazy-src=\"https:\/\/www.europesays.com\/fr\/wp-content\/uploads\/2025\/08\/1754870713_406_maxresdefault.jpg\"\/><\/p>\n<p>\t\t\t\t<video width=\"100%\" height=\"360px\" controls=\"\" id=\"player_f36e32e99b59ec12664e0909226b649d\" preload=\"auto\" class=\"video-js vjs-default-skin vjs-big-play-centered\" style=\"display:none; text-align: center; margin-bottom: 4px;\" poster=\"https:\/\/www.europesays.com\/fr\/wp-content\/uploads\/2025\/08\/1754870713_406_maxresdefault.jpg\"\/><br \/>\n\t\t\t Pour autant, le budget courrier des m\u00e9nages fran\u00e7ais ne devrait pas augmenter <\/p>\n<p>Cette annonce d\u2019augmentation des tarifs des services de La Poste n\u2019a <strong>pas cr\u00e9\u00e9 beaucoup d\u2019engouement aupr\u00e8s des citoyens fran\u00e7ais.<\/strong> En effet, cette hausse s\u2019inscrit m\u00eame dans un <a href=\"https:\/\/www.maison-travaux.fr\/actualites\/cause-linflation-vous-pourrez-plus-permettre-choses-582926.html\" target=\"_blank\" rel=\"noopener\">climat global d\u2019inflation<\/a> auquel sont confront\u00e9s les habitants de l\u2019Hexagone depuis d\u00e9j\u00e0 <strong>plusieurs ann\u00e9es maintenant.<\/strong><\/p>\n<p>En revanche, <a href=\"https:\/\/www.maison-travaux.fr\/actualites\/logement-la-poste-vous-accompagne-dans-la-renovation-energetique-246508.html\" target=\"_blank\" rel=\"noopener\">La Poste<\/a> a estim\u00e9 que<strong> le budget postal des Fran\u00e7ais n\u2019augmentera pas<\/strong> en 2026 par rapport \u00e0 l\u2019ann\u00e9e 2025. La soci\u00e9t\u00e9 jaune et bleue a m\u00eame pr\u00e9dit <strong>une baisse de 6 % de ce budget<\/strong> pour les m\u00e9nages fran\u00e7ais, \u00e9tabli \u00e0<strong> 28 euros en moyenne par foyer.<\/strong> En cause ? La baisse des envois postaux qui poursuit sa progression.<\/p>\n","protected":false},"excerpt":{"rendered":"La Poste vient de l\u2019annoncer : l&rsquo;envoi de courriers co\u00fbtera plus cher en 2026. \u00c0 quelles hausses faut-il&hellip;\n","protected":false},"author":2,"featured_media":310468,"comment_status":"","ping_status":"","sticky":false,"template":"","format":"standard","meta":{"footnotes":""},"categories":[6],"tags":[35,33,34,1011,27,729],"class_list":{"0":"post-310467","1":"post","2":"type-post","3":"status-publish","4":"format-standard","5":"has-post-thumbnail","7":"category-economie","8":"tag-business","9":"tag-economie","10":"tag-economy","11":"tag-fr","12":"tag-france","13":"tag-yout_video"},"share_on_mastodon":{"url":"https:\/\/pubeurope.com\/@fr\/115007214341267982","error":""},"_links":{"self":[{"href":"https:\/\/www.europesays.com\/fr\/wp-json\/wp\/v2\/posts\/310467","targetHints":{"allow":["GET"]}}],"collection":[{"href":"https:\/\/www.europesays.com\/fr\/wp-json\/wp\/v2\/posts"}],"about":[{"href":"https:\/\/www.europesays.com\/fr\/wp-json\/wp\/v2\/types\/post"}],"author":[{"embeddable":true,"href":"https:\/\/www.europesays.com\/fr\/wp-json\/wp\/v2\/users\/2"}],"replies":[{"embeddable":true,"href":"https:\/\/www.europesays.com\/fr\/wp-json\/wp\/v2\/comments?post=310467"}],"version-history":[{"count":0,"href":"https:\/\/www.europesays.com\/fr\/wp-json\/wp\/v2\/posts\/310467\/revisions"}],"wp:featuredmedia":[{"embeddable":true,"href":"https:\/\/www.europesays.com\/fr\/wp-json\/wp\/v2\/media\/310468"}],"wp:attachment":[{"href":"https:\/\/www.europesays.com\/fr\/wp-json\/wp\/v2\/media?parent=310467"}],"wp:term":[{"taxonomy":"category","embeddable":true,"href":"https:\/\/www.europesays.com\/fr\/wp-json\/wp\/v2\/categories?post=310467"},{"taxonomy":"post_tag","embeddable":true,"href":"https:\/\/www.europesays.com\/fr\/wp-json\/wp\/v2\/tags?post=310467"}],"curies":[{"name":"wp","href":"https:\/\/api.w.org\/{rel}","templated":true}]}}