{"id":310469,"date":"2025-08-11T00:06:11","date_gmt":"2025-08-11T00:06:11","guid":{"rendered":"https:\/\/www.europesays.com\/fr\/310469\/"},"modified":"2025-08-11T00:06:11","modified_gmt":"2025-08-11T00:06:11","slug":"trump-sen-prend-aux-plus-demunis-pour-rendre-washington-plus-belle","status":"publish","type":"post","link":"https:\/\/www.europesays.com\/fr\/310469\/","title":{"rendered":"Trump s\u2019en prend aux plus d\u00e9munis pour rendre Washington \u00ab\u00a0plus belle\u00a0\u00bb"},"content":{"rendered":"<p>        <img decoding=\"async\" loading=\"lazy\" src=\"https:\/\/www.europesays.com\/fr\/wp-content\/uploads\/2025\/08\/1a308d6_upload-1-yceitab9sefn-afp-20250722-2226494987-v4-highres-presidenttrumphostsphillipinespresi.jpeg\"  width=\"728\" height=\"409\" alt=\"Donald\u00a0Trump\u00a0a exhort\u00e9 dimanche 10\u00a0ao\u00fbt les sans-abri \u00e0 partir \u00ab\u00a0imm\u00e9diatement\u00a0\u00bb de Washington. (Photo d\u2019illustration)\"\/>  <\/p>\n<p>CHIP SOMODEVILLA \/ Getty Images via AFP<\/p>\n<p>Donald\u00a0Trump\u00a0a exhort\u00e9 dimanche 10\u00a0ao\u00fbt les sans-abri \u00e0 partir \u00ab\u00a0imm\u00e9diatement\u00a0\u00bb de Washington. (Photo d\u2019illustration)<\/p>\n<p class=\"asset asset-text\">\u00c9TATS-UNIS &#8211; Un projet inhumain. <a href=\"https:\/\/www.huffingtonpost.fr\/international\/article\/graphiques-en-main-trump-presente-des-statistiques-economiques-alternatives_253375.html\" rel=\"nofollow noopener\" target=\"_blank\">Donald\u00a0Trump\u00a0<\/a>a exhort\u00e9 dimanche 10\u00a0ao\u00fbt les sans-abri \u00e0 partir \u00ab\u00a0imm\u00e9diatement\u00a0\u00bb de <a href=\"https:\/\/www.huffingtonpost.fr\/international\/article\/un-imposteur-a-utilise-l-ia-pour-se-faire-passer-pour-marco-rubio-le-chef-de-la-diplomatie-americaine_252394.html\" rel=\"nofollow noopener\" target=\"_blank\">Washington<\/a>, assurant que le gouvernement leur fournirait un h\u00e9bergement mais que celui-ci serait \u00ab\u00a0loin\u00a0\u00bb de la capitale am\u00e9ricaine.<\/p>\n<p class=\"asset asset-text\">Le pr\u00e9sident am\u00e9ricain doit donner une conf\u00e9rence de presse ce lundi sur son plan pour rendre la ville \u00ab\u00a0plus s\u00fbre et plus belle qu\u2019elle ne l\u2019a jamais \u00e9t\u00e9\u00a0\u00bb.<\/p>\n<p class=\"asset asset-text\">\u00ab\u00a0Les sans-abri doivent partir, IMMEDIATEMENT. Nous vous donnerons des endroits o\u00f9 dormir, mais LOIN de la capitale\u00a0\u00bb, a-t-il \u00e9crit sur sa plateforme Truth Social, avant de s\u2019adresser aux \u00ab\u00a0criminels\u00a0\u00bb. \u00ab\u00a0Vous, vous n\u2019avez pas besoin de partir. Nous allons vous mettre en prison, l\u00e0 o\u00f9 vous devriez vous trouver\u00a0\u00bb, a lanc\u00e9 le r\u00e9publicain.<\/p>\n<p>    5\u00a0600\u00a0personnes sans-abri    <\/p>\n<p class=\"asset asset-text\">Selon le rapport annuel du minist\u00e8re du Logement, Washington se classait en 2024 au 15e rang des grandes villes am\u00e9ricaines comptant le plus de sans-abri, avec plus de 5\u00a0600 personnes recens\u00e9es.<\/p>\n<p class=\"asset asset-text\">Depuis son retour \u00e0 la Maison Blanche, Donald\u00a0Trump\u00a0a menac\u00e9 \u00e0 plusieurs reprises de replacer Washington sous le contr\u00f4le des autorit\u00e9s f\u00e9d\u00e9rales.<\/p>\n<p class=\"asset asset-text\">La ville poss\u00e8de en effet un statut particulier aux \u00c9tats-Unis. \u00c9tablie apr\u00e8s la guerre d\u2019Ind\u00e9pendance pour servir de capitale, elle n\u2019est rattach\u00e9e \u00e0 aucun \u00c9tat am\u00e9ricain, et la Constitution pr\u00e9voit que le Congr\u00e8s ait comp\u00e9tence sur ses affaires. Depuis une loi de 1973, les habitants peuvent cependant \u00e9lire un conseil municipal, m\u00eame si ses d\u00e9cisions sont toujours contr\u00f4l\u00e9es par le Congr\u00e8s.<\/p>\n<p class=\"asset asset-text\">Fin f\u00e9vrier, le milliardaire r\u00e9publicain avait assur\u00e9 qu\u2019il soutenait un projet l\u00e9gislatif visant \u00e0 revenir sur cette loi, notamment pour am\u00e9liorer la lutte contre la criminalit\u00e9.<\/p>\n<p>                     La hausse de la criminalit\u00e9 \u00e0 Washington d\u00e9mentie    <\/p>\n<p class=\"asset asset-text\">\u00ab\u00a0Il y a trop de crimes, de graffitis, trop de tentes (de sans-abri, ndlr) sur les pelouses, ces magnifiques pelouses\u00a0\u00bb, avait-il alors d\u00e9clar\u00e9 \u00e0 la presse, en insistant sur l\u2019importance de l\u2019apparence de la capitale am\u00e9ricaine o\u00f9 viennent r\u00e9guli\u00e8rement de hauts dignitaires \u00e9trangers. Et fin mars, il avait sign\u00e9 un d\u00e9cret pour accro\u00eetre la supervision de son gouvernement sur la municipalit\u00e9, notamment en mati\u00e8re de lutte contre l\u2019immigration clandestine.<\/p>\n<p class=\"asset asset-text\">Washington vote historiquement d\u00e9mocrate, et la rivale de\u00a0Donald\u00a0Trump\u00a0lors de l\u2019\u00e9lection de novembre, Kamala Harris, y avait r\u00e9colt\u00e9 plus de 90\u00a0% des voix.<\/p>\n<p class=\"asset asset-text\">La maire de Washington, Muriel Bowser, a adopt\u00e9 une strat\u00e9gie de conciliation avec\u00a0Donald\u00a0Trump. L\u2019\u00e9dile d\u00e9mocrate a notamment d\u00e9cid\u00e9 en mars d\u2019effacer une fresque peinte en 2020 aux couleurs du mouvement antiraciste \u00ab\u00a0Black Lives Matter\u00a0\u00bb, et qui se trouvait dans le viseur des r\u00e9publicains depuis.<\/p>\n<p class=\"asset asset-text\">Interview\u00e9e sur la cha\u00eene MSNBC, avant les d\u00e9clarations de\u00a0Donald\u00a0Trump, la maire a affirm\u00e9 dimanche que la conf\u00e9rence de presse du pr\u00e9sident le lendemain porterait probablement sur \u00ab\u00a0un afflux des forces de l\u2019ordre f\u00e9d\u00e9rales\u00a0\u00bb dans la ville. Muriel Bowser a \u00e9galement d\u00e9menti une hausse de la criminalit\u00e9 \u00e0 Washington, soulignant que les statistiques montraient \u00ab\u00a0des tendances dans la bonne direction pour chaque cat\u00e9gorie.\u00a0\u00bb<\/p>\n<p class=\"asset asset-text\">Le minist\u00e8re de la Justice avait annonc\u00e9 d\u00e9but janvier que les faits de criminalit\u00e9 violente \u00e0 Washington avaient atteint en 2024 leur niveau le plus bas en plus de 30\u00a0ans. \u00ab\u00a0Toute comparaison avec un pays ravag\u00e9 par la guerre est exag\u00e9r\u00e9e et erron\u00e9e\u00a0\u00bb, a-t-elle ajout\u00e9, r\u00e9pondant \u00e0 Stephen Miller, proche conseiller de\u00a0Donald\u00a0Trump\u00a0\u00e0 la Maison Blanche, qui avait affirm\u00e9 jeudi que Washington \u00e9tait \u00ab\u00a0plus violente que Bagdad\u00a0\u00bb.<\/p>\n","protected":false},"excerpt":{"rendered":"CHIP SOMODEVILLA \/ Getty Images via AFP Donald\u00a0Trump\u00a0a exhort\u00e9 dimanche 10\u00a0ao\u00fbt les sans-abri \u00e0 partir \u00ab\u00a0imm\u00e9diatement\u00a0\u00bb de Washington.&hellip;\n","protected":false},"author":2,"featured_media":310470,"comment_status":"","ping_status":"","sticky":false,"template":"","format":"standard","meta":{"footnotes":""},"categories":[5],"tags":[11,75,1011,27,14,12,2744,28],"class_list":{"0":"post-310469","1":"post","2":"type-post","3":"status-publish","4":"format-standard","5":"has-post-thumbnail","7":"category-international","8":"tag-actualites","9":"tag-donald-trump","10":"tag-fr","11":"tag-france","12":"tag-international","13":"tag-news","14":"tag-washington","15":"tag-world"},"share_on_mastodon":{"url":"https:\/\/pubeurope.com\/@fr\/115007218266203617","error":""},"_links":{"self":[{"href":"https:\/\/www.europesays.com\/fr\/wp-json\/wp\/v2\/posts\/310469","targetHints":{"allow":["GET"]}}],"collection":[{"href":"https:\/\/www.europesays.com\/fr\/wp-json\/wp\/v2\/posts"}],"about":[{"href":"https:\/\/www.europesays.com\/fr\/wp-json\/wp\/v2\/types\/post"}],"author":[{"embeddable":true,"href":"https:\/\/www.europesays.com\/fr\/wp-json\/wp\/v2\/users\/2"}],"replies":[{"embeddable":true,"href":"https:\/\/www.europesays.com\/fr\/wp-json\/wp\/v2\/comments?post=310469"}],"version-history":[{"count":0,"href":"https:\/\/www.europesays.com\/fr\/wp-json\/wp\/v2\/posts\/310469\/revisions"}],"wp:featuredmedia":[{"embeddable":true,"href":"https:\/\/www.europesays.com\/fr\/wp-json\/wp\/v2\/media\/310470"}],"wp:attachment":[{"href":"https:\/\/www.europesays.com\/fr\/wp-json\/wp\/v2\/media?parent=310469"}],"wp:term":[{"taxonomy":"category","embeddable":true,"href":"https:\/\/www.europesays.com\/fr\/wp-json\/wp\/v2\/categories?post=310469"},{"taxonomy":"post_tag","embeddable":true,"href":"https:\/\/www.europesays.com\/fr\/wp-json\/wp\/v2\/tags?post=310469"}],"curies":[{"name":"wp","href":"https:\/\/api.w.org\/{rel}","templated":true}]}}