{"id":310479,"date":"2025-08-11T00:13:10","date_gmt":"2025-08-11T00:13:10","guid":{"rendered":"https:\/\/www.europesays.com\/fr\/310479\/"},"modified":"2025-08-11T00:13:10","modified_gmt":"2025-08-11T00:13:10","slug":"toulon-exposition-interstices-au-musee-des-arts-asiatiques-jusquau-30-aout","status":"publish","type":"post","link":"https:\/\/www.europesays.com\/fr\/310479\/","title":{"rendered":"TOULON : Exposition Interstices au Mus\u00e9e des Arts Asiatiques jusqu&rsquo;au 30 ao\u00fbt"},"content":{"rendered":"<p><b>\u00ab\u00a0Interstices\u00a0\u00bb<\/b><b>,\u00a0une exposition de Khanh au Mus\u00e9e des Arts Asiatiques (MAA) de Toulon.<\/b><\/p>\n<p style=\"font-weight: 400\"><strong>\u00ab\u00a0Interstices\u00a0\u00bb<\/strong><strong>\u00a0<\/strong>offre une vision subtile et intime du Japon, inspir\u00e9e par l\u2019histoire personnelle de Khanh et son \u00e9preuve face \u00e0 la maladie. \u00c0 travers des photographies argentiques en noir et blanc, prises au moyen format, elle explore les fronti\u00e8res de l\u2019invisible et du subconscient. Ses images invitent \u00e0 voir au-del\u00e0 de l\u2019apparence, \u00e9voquant le cycle universel de la vie et le cheminement int\u00e9rieur de l\u2019\u00e2me vers la lumi\u00e8re, jusqu\u2019\u00e0 la renaissance.<\/p>\n<p style=\"font-weight: 400\"><strong>Exposition au Mus\u00e9e des Arts Asiatique de Toulon du 16 mai au 30 ao\u00fbt 2025<\/strong><\/p>\n","protected":false},"excerpt":{"rendered":"\u00ab\u00a0Interstices\u00a0\u00bb,\u00a0une exposition de Khanh au Mus\u00e9e des Arts Asiatiques (MAA) de Toulon. \u00ab\u00a0Interstices\u00a0\u00bb\u00a0offre une vision subtile et intime&hellip;\n","protected":false},"author":2,"featured_media":310480,"comment_status":"","ping_status":"","sticky":false,"template":"","format":"standard","meta":{"footnotes":""},"categories":[9619],"tags":[1111,11,1777,674,1011,27,12,882,25,2310],"class_list":{"0":"post-310479","1":"post","2":"type-post","3":"status-publish","4":"format-standard","5":"has-post-thumbnail","7":"category-toulon","8":"tag-actu","9":"tag-actualites","10":"tag-eu","11":"tag-europe","12":"tag-fr","13":"tag-france","14":"tag-news","15":"tag-provence-alpes-cote-dazur","16":"tag-republique-francaise","17":"tag-toulon"},"share_on_mastodon":{"url":"https:\/\/pubeurope.com\/@fr\/115007245766135562","error":""},"_links":{"self":[{"href":"https:\/\/www.europesays.com\/fr\/wp-json\/wp\/v2\/posts\/310479","targetHints":{"allow":["GET"]}}],"collection":[{"href":"https:\/\/www.europesays.com\/fr\/wp-json\/wp\/v2\/posts"}],"about":[{"href":"https:\/\/www.europesays.com\/fr\/wp-json\/wp\/v2\/types\/post"}],"author":[{"embeddable":true,"href":"https:\/\/www.europesays.com\/fr\/wp-json\/wp\/v2\/users\/2"}],"replies":[{"embeddable":true,"href":"https:\/\/www.europesays.com\/fr\/wp-json\/wp\/v2\/comments?post=310479"}],"version-history":[{"count":0,"href":"https:\/\/www.europesays.com\/fr\/wp-json\/wp\/v2\/posts\/310479\/revisions"}],"wp:featuredmedia":[{"embeddable":true,"href":"https:\/\/www.europesays.com\/fr\/wp-json\/wp\/v2\/media\/310480"}],"wp:attachment":[{"href":"https:\/\/www.europesays.com\/fr\/wp-json\/wp\/v2\/media?parent=310479"}],"wp:term":[{"taxonomy":"category","embeddable":true,"href":"https:\/\/www.europesays.com\/fr\/wp-json\/wp\/v2\/categories?post=310479"},{"taxonomy":"post_tag","embeddable":true,"href":"https:\/\/www.europesays.com\/fr\/wp-json\/wp\/v2\/tags?post=310479"}],"curies":[{"name":"wp","href":"https:\/\/api.w.org\/{rel}","templated":true}]}}