{"id":310485,"date":"2025-08-11T00:21:40","date_gmt":"2025-08-11T00:21:40","guid":{"rendered":"https:\/\/www.europesays.com\/fr\/310485\/"},"modified":"2025-08-11T00:21:40","modified_gmt":"2025-08-11T00:21:40","slug":"ligue-2-xantippe-passeur-bangre-exclu-les-statistiques-de-la-saison-du-gf38-apres-son-revers-a-troyes","status":"publish","type":"post","link":"https:\/\/www.europesays.com\/fr\/310485\/","title":{"rendered":"Ligue 2. Xantippe passeur, Bangr\u00e9 exclu&#8230; Les statistiques de la saison du GF38 apr\u00e8s son revers \u00e0 Troyes"},"content":{"rendered":"<p>Les temps de jeu<\/p>\n<p><strong>Ligue 2.<\/strong> 15 joueurs utilis\u00e9s<\/p>\n<p>Diop (90&prime;, 1 match)<\/p>\n<p>Zahui (82&prime;, 1 match)<\/p>\n<p>Delos (90&prime;, 1 match)<\/p>\n<p>Mouyokolo (90&prime;, 1 match)<\/p>\n<p>Mambo (90&prime;, 1 match)<\/p>\n<p>Xantippe (86&prime;, 1 match)<\/p>\n<p>Benet (90&prime;, 1 match)<\/p>\n<p>Valls (90&prime;, 1 match)<\/p>\n<p>Diba (82&prime;, 1 match)\u00a0<\/p>\n<p>Bangr\u00e9 (45&prime;, 1 match)<\/p>\n<p>Diaby (66&prime;, 1 match)<\/p>\n<p>Elphege (34&prime;, 1 match)<\/p>\n<p>Mouazan (8&prime;, 1 match)<\/p>\n<p>Sylvestre (8&prime;, 1 match)<\/p>\n<p>Mion (4&prime;, 1 match)<\/p>\n<p><strong>Entra\u00eeneur<\/strong> \u00a0: Franck Rizzetto (1 match)<\/p>\n","protected":false},"excerpt":{"rendered":"Les temps de jeu Ligue 2. 15 joueurs utilis\u00e9s Diop (90&prime;, 1 match) Zahui (82&prime;, 1 match) Delos&hellip;\n","protected":false},"author":2,"featured_media":310486,"comment_status":"","ping_status":"","sticky":false,"template":"","format":"standard","meta":{"footnotes":""},"categories":[9566],"tags":[1111,11,2430,112,113,114,1777,674,1701,63,1011,27,12637,2731,108,12636,12,25,517,1947],"class_list":{"0":"post-310485","1":"post","2":"type-post","3":"status-publish","4":"format-standard","5":"has-post-thumbnail","7":"category-grenoble","8":"tag-actu","9":"tag-actualites","10":"tag-auvergne-rhone-alpes","11":"tag-edition-grenoble-agglomeration","12":"tag-edition-gresivaudan-oisans","13":"tag-edition-voiron-saint-marcellin","14":"tag-eu","15":"tag-europe","16":"tag-fil-info-sport","17":"tag-football","18":"tag-fr","19":"tag-france","20":"tag-gf38-grenoble-foot-38","21":"tag-grenoble","22":"tag-isere","23":"tag-ligue-2-football","24":"tag-news","25":"tag-republique-francaise","26":"tag-sport","27":"tag-sport-national"},"share_on_mastodon":{"url":"https:\/\/pubeurope.com\/@fr\/115007277127260785","error":""},"_links":{"self":[{"href":"https:\/\/www.europesays.com\/fr\/wp-json\/wp\/v2\/posts\/310485","targetHints":{"allow":["GET"]}}],"collection":[{"href":"https:\/\/www.europesays.com\/fr\/wp-json\/wp\/v2\/posts"}],"about":[{"href":"https:\/\/www.europesays.com\/fr\/wp-json\/wp\/v2\/types\/post"}],"author":[{"embeddable":true,"href":"https:\/\/www.europesays.com\/fr\/wp-json\/wp\/v2\/users\/2"}],"replies":[{"embeddable":true,"href":"https:\/\/www.europesays.com\/fr\/wp-json\/wp\/v2\/comments?post=310485"}],"version-history":[{"count":0,"href":"https:\/\/www.europesays.com\/fr\/wp-json\/wp\/v2\/posts\/310485\/revisions"}],"wp:featuredmedia":[{"embeddable":true,"href":"https:\/\/www.europesays.com\/fr\/wp-json\/wp\/v2\/media\/310486"}],"wp:attachment":[{"href":"https:\/\/www.europesays.com\/fr\/wp-json\/wp\/v2\/media?parent=310485"}],"wp:term":[{"taxonomy":"category","embeddable":true,"href":"https:\/\/www.europesays.com\/fr\/wp-json\/wp\/v2\/categories?post=310485"},{"taxonomy":"post_tag","embeddable":true,"href":"https:\/\/www.europesays.com\/fr\/wp-json\/wp\/v2\/tags?post=310485"}],"curies":[{"name":"wp","href":"https:\/\/api.w.org\/{rel}","templated":true}]}}