{"id":310493,"date":"2025-08-11T00:29:38","date_gmt":"2025-08-11T00:29:38","guid":{"rendered":"https:\/\/www.europesays.com\/fr\/310493\/"},"modified":"2025-08-11T00:29:38","modified_gmt":"2025-08-11T00:29:38","slug":"une-motarde-de-35-ans-perd-la-vie-au-sud-de-nantes","status":"publish","type":"post","link":"https:\/\/www.europesays.com\/fr\/310493\/","title":{"rendered":"Une motarde de 35\u00a0ans perd la vie au sud de Nantes"},"content":{"rendered":"<p>Les secours n\u2019ont pas pu la sauver.<\/p>\n<p>Peu avant 5\u00a0h dimanche 10\u00a0ao\u00fbt 2025, les secours ont \u00e9t\u00e9 d\u00e9p\u00each\u00e9s sur la route d\u00e9partementale RD104 au Loroux-Bottereau, au lieu-dit Le Chemin noir, pour un accident impliquant une moto seule.<\/p>\n<p>En arr\u00eat cardio-respiratoire \u00e0 l\u2019arriv\u00e9e des secours<\/p>\n<p>\u00c0 leur arriv\u00e9e, le pilote du deux-roues, une femme de 35\u00a0ans selon le Centre op\u00e9rationnel d\u2019incendie et de secours de Loire-Atlantique, \u00e9tait en arr\u00eat cardio-respiratoire. La victime a \u00e9t\u00e9 d\u00e9clar\u00e9e d\u00e9c\u00e9d\u00e9e par le m\u00e9decin du Smur.<\/p>\n<p>La gendarmerie se trouvait sur place, de m\u00eame que l\u2019\u00e9lu de permanence.<\/p>\n<p>Enqu\u00eate de gendarmerie<\/p>\n<p>Les circonstances de l\u2019accident ne sont pas encore connues. Une enqu\u00eate de gendarmerie est ouverte. La victime \u00e9tait originaire des environs.<\/p>\n<p>L\u2019intervention a mobilis\u00e9 sept pompiers et trois engins.<\/p>\n<p>\u00a0<\/p>\n","protected":false},"excerpt":{"rendered":"Les secours n\u2019ont pas pu la sauver. Peu avant 5\u00a0h dimanche 10\u00a0ao\u00fbt 2025, les secours ont \u00e9t\u00e9 d\u00e9p\u00each\u00e9s&hellip;\n","protected":false},"author":2,"featured_media":310494,"comment_status":"","ping_status":"","sticky":false,"template":"","format":"standard","meta":{"footnotes":""},"categories":[2818],"tags":[42537,1111,11,1764,1777,674,1011,27,45051,766,12,2636,1439,25,3272,7053,4717],"class_list":{"0":"post-310493","1":"post","2":"type-post","3":"status-publish","4":"format-standard","5":"has-post-thumbnail","7":"category-nantes","8":"tag-42537","9":"tag-actu","10":"tag-actualites","11":"tag-ans","12":"tag-eu","13":"tag-europe","14":"tag-fr","15":"tag-france","16":"tag-motarde","17":"tag-nantes","18":"tag-news","19":"tag-pays-de-la-loire","20":"tag-perd","21":"tag-republique-francaise","22":"tag-saint-nazaire","23":"tag-sud","24":"tag-vie"},"share_on_mastodon":{"url":"https:\/\/pubeurope.com\/@fr\/115007308708633167","error":""},"_links":{"self":[{"href":"https:\/\/www.europesays.com\/fr\/wp-json\/wp\/v2\/posts\/310493","targetHints":{"allow":["GET"]}}],"collection":[{"href":"https:\/\/www.europesays.com\/fr\/wp-json\/wp\/v2\/posts"}],"about":[{"href":"https:\/\/www.europesays.com\/fr\/wp-json\/wp\/v2\/types\/post"}],"author":[{"embeddable":true,"href":"https:\/\/www.europesays.com\/fr\/wp-json\/wp\/v2\/users\/2"}],"replies":[{"embeddable":true,"href":"https:\/\/www.europesays.com\/fr\/wp-json\/wp\/v2\/comments?post=310493"}],"version-history":[{"count":0,"href":"https:\/\/www.europesays.com\/fr\/wp-json\/wp\/v2\/posts\/310493\/revisions"}],"wp:featuredmedia":[{"embeddable":true,"href":"https:\/\/www.europesays.com\/fr\/wp-json\/wp\/v2\/media\/310494"}],"wp:attachment":[{"href":"https:\/\/www.europesays.com\/fr\/wp-json\/wp\/v2\/media?parent=310493"}],"wp:term":[{"taxonomy":"category","embeddable":true,"href":"https:\/\/www.europesays.com\/fr\/wp-json\/wp\/v2\/categories?post=310493"},{"taxonomy":"post_tag","embeddable":true,"href":"https:\/\/www.europesays.com\/fr\/wp-json\/wp\/v2\/tags?post=310493"}],"curies":[{"name":"wp","href":"https:\/\/api.w.org\/{rel}","templated":true}]}}