{"id":310505,"date":"2025-08-11T00:37:09","date_gmt":"2025-08-11T00:37:09","guid":{"rendered":"https:\/\/www.europesays.com\/fr\/310505\/"},"modified":"2025-08-11T00:37:09","modified_gmt":"2025-08-11T00:37:09","slug":"le-dr-herve-collado-alerte-sur-la-baisse-dactivite-physique-chez-les-jeunes","status":"publish","type":"post","link":"https:\/\/www.europesays.com\/fr\/310505\/","title":{"rendered":"le Dr Herv\u00e9 Collado alerte sur la baisse d\u2019activit\u00e9 physique chez les jeunes"},"content":{"rendered":"\n<p><b>La Marseillaise<\/b><b>\u00a0<\/b><b>:<\/b> <b>Qu\u2019est-ce qui a provoqu\u00e9 depuis quelques ann\u00e9es un engouement pour le sport-sant\u00e9<\/b><b>\u00a0<\/b><b>? <\/b><\/p>\n<p>Dr Herv\u00e9 Collado\u00a0: Il y a surtout eu un emballement d\u2019un point de vue politique d\u2019abord. Certaines r\u00e9gions ou municipalit\u00e9s, comme \u00e7a peut \u00eatre le cas de Marseille, ont mis en place de nombreuses activit\u00e9s pour aller dans ce sens. Si l\u2019on doit retenir la caract\u00e9ristique principale du sport-sant\u00e9, c\u2019est le traitement par le sport. Ou plut\u00f4t le sport comme m\u00e9dicament gr\u00e2ce \u00e0 des mesures.<\/p>\n<p><b>Lesquelles<\/b><b>\u00a0<\/b><b>?<\/b><\/p>\n<p>H.C.\u00a0: Les premi\u00e8res mesures visaient les ALD (affection longue dur\u00e9e) que l\u2019on prend en charge \u00e0 100%. Les patients avec de l\u2019hypertension, du diab\u00e8te et des AVC ont pu b\u00e9n\u00e9ficier dans certains endroits en France de prises en charge par les activit\u00e9s sportives, car il a \u00e9t\u00e9 prouv\u00e9 scientifiquement que toutes ces pathologies chroniques sont am\u00e9lior\u00e9es par l\u2019activit\u00e9 physique. Puis, de nombreuses associations se sont d\u00e9velopp\u00e9es autour de la prise en charge des cancers et des patients atteints de cancers. On s\u2019est aper\u00e7u que l\u2019activit\u00e9 sportive permettait de diminuer la prise de traitements antalgiques contre la douleur. Ces patients arrivent \u00e0 recouvrir une forme physique beaucoup plus rapidement que des non-sportifs.<\/p>\n<p><b>Est-ce que l\u2019organisation des JO de Paris 2024 a contribu\u00e9 \u00e0 l\u2019effervescence du sport-sant\u00e9<\/b><b>\u00a0<\/b><b>?<\/b><\/p>\n<p>H.C.\u00a0: Les JO ont surtout permis d\u2019accentuer le c\u00f4t\u00e9 pr\u00e9vention du sport-sant\u00e9 qui s\u2019est d\u00e9velopp\u00e9 six ans en arri\u00e8re. Et on a clairement surf\u00e9 sur les Jeux pour promouvoir le sport chez les jeunes. Aujourd\u2019hui, on sait que les jeunes (enfants et adolescents) sont moins actifs physiquement que les jeunes n\u00e9s avant les ann\u00e9es 2000. Ceux n\u00e9s \u00e0 partir de 2000 ont perdu 30% de leurs capacit\u00e9s cardiovasculaires, parce qu\u2019ils sont devenus plus s\u00e9dentaires du fait de la malbouffe et des \u00e9crans.<\/p>\n<p><b>M\u00eame constat chez les personnes les plus \u00e2g\u00e9es<\/b><b>\u00a0<\/b><b>?<\/b><\/p>\n<p>H.C.\u00a0: Paradoxalement, on a des s\u00e9niors plus actifs qu\u2019avant. C\u2019est une frange de la population qui a compris qu\u2019il faut \u00eatre actif pour bien vieillir. De plus en plus d\u2019activit\u00e9s physiques sont ouvertes aux s\u00e9niors. \u00c7a peut \u00eatre de la course \u00e0 pied, de la marche ou de la natation.<\/p>\n<p><b>\u00cates-vous optimiste sur l\u2019avenir de la soci\u00e9t\u00e9 concernant le sport<\/b><b>\u00a0<\/b><b>?<\/b><\/p>\n<p>H.C.\u00a0: On va devoir se battre pour garder les gens en forme. Les IA et les \u00e9crans nous submergent. On est de plus en plus fain\u00e9ants. J\u2019ai peur que l\u2019\u00e9volution de la soci\u00e9t\u00e9 n\u2019incite pas \u00e0 la pratique d\u2019activit\u00e9 physique. \u00c7a provoquera une flamb\u00e9e de l\u2019ob\u00e9sit\u00e9. Ce n\u2019est pas de la grossophobie, je parle de sant\u00e9 pure. C\u2019est bien d\u2019\u00eatre tol\u00e9rant sur l\u2019inclusion, sauf que l\u2019ob\u00e9sit\u00e9 tue.<\/p>\n","protected":false},"excerpt":{"rendered":"La Marseillaise\u00a0: Qu\u2019est-ce qui a provoqu\u00e9 depuis quelques ann\u00e9es un engouement pour le sport-sant\u00e9\u00a0? Dr Herv\u00e9 Collado\u00a0: Il&hellip;\n","protected":false},"author":2,"featured_media":310506,"comment_status":"","ping_status":"","sticky":false,"template":"","format":"standard","meta":{"footnotes":""},"categories":[2814],"tags":[1111,11,1777,674,1011,27,884,12,882,25,45052],"class_list":{"0":"post-310505","1":"post","2":"type-post","3":"status-publish","4":"format-standard","5":"has-post-thumbnail","7":"category-marseille","8":"tag-actu","9":"tag-actualites","10":"tag-eu","11":"tag-europe","12":"tag-fr","13":"tag-france","14":"tag-marseille","15":"tag-news","16":"tag-provence-alpes-cote-dazur","17":"tag-republique-francaise","18":"tag-sportifs"},"share_on_mastodon":{"url":"https:\/\/pubeurope.com\/@fr\/115007340075798714","error":""},"_links":{"self":[{"href":"https:\/\/www.europesays.com\/fr\/wp-json\/wp\/v2\/posts\/310505","targetHints":{"allow":["GET"]}}],"collection":[{"href":"https:\/\/www.europesays.com\/fr\/wp-json\/wp\/v2\/posts"}],"about":[{"href":"https:\/\/www.europesays.com\/fr\/wp-json\/wp\/v2\/types\/post"}],"author":[{"embeddable":true,"href":"https:\/\/www.europesays.com\/fr\/wp-json\/wp\/v2\/users\/2"}],"replies":[{"embeddable":true,"href":"https:\/\/www.europesays.com\/fr\/wp-json\/wp\/v2\/comments?post=310505"}],"version-history":[{"count":0,"href":"https:\/\/www.europesays.com\/fr\/wp-json\/wp\/v2\/posts\/310505\/revisions"}],"wp:featuredmedia":[{"embeddable":true,"href":"https:\/\/www.europesays.com\/fr\/wp-json\/wp\/v2\/media\/310506"}],"wp:attachment":[{"href":"https:\/\/www.europesays.com\/fr\/wp-json\/wp\/v2\/media?parent=310505"}],"wp:term":[{"taxonomy":"category","embeddable":true,"href":"https:\/\/www.europesays.com\/fr\/wp-json\/wp\/v2\/categories?post=310505"},{"taxonomy":"post_tag","embeddable":true,"href":"https:\/\/www.europesays.com\/fr\/wp-json\/wp\/v2\/tags?post=310505"}],"curies":[{"name":"wp","href":"https:\/\/api.w.org\/{rel}","templated":true}]}}