{"id":310510,"date":"2025-08-11T00:40:17","date_gmt":"2025-08-11T00:40:17","guid":{"rendered":"https:\/\/www.europesays.com\/fr\/310510\/"},"modified":"2025-08-11T00:40:17","modified_gmt":"2025-08-11T00:40:17","slug":"les-parents-identifies-le-1er-adjoint-au-maire-verse-dans-le-complotisme","status":"publish","type":"post","link":"https:\/\/www.europesays.com\/fr\/310510\/","title":{"rendered":"les parents identifi\u00e9s, le 1er adjoint au maire verse dans le complotisme"},"content":{"rendered":"<p>La soeur et son petit fr\u00e8re aux pieds nus avaient \u00e9t\u00e9 d&rsquo;abord r\u00e9cup\u00e9r\u00e9s par le conseiller municipal d&rsquo;opposition\u00a0<a href=\"https:\/\/www.lyonmag.com\/profil-personnalite-lyonnaise\/737\/farid-ben-moussa\" target=\"_blank\" rel=\"noopener nofollow\">Farid Ben Moussa<\/a>, qui les avait d\u00e9j\u00e0 vus errer mais qui n&rsquo;\u00e9tait pas parvenu \u00e0 les approcher. Apr\u00e8s les avoir rassur\u00e9s et leur avoir donn\u00e9 de l&rsquo;eau, il avait pr\u00e9venu les forces de l&rsquo;ordre.<\/p>\n<p>Un geste h\u00e9ro\u00efque de la part de l&rsquo;\u00e9ditorialiste de LyonMag, mais qui suscite une r\u00e9action \u00e9trange de la part de la majorit\u00e9 de la maire communiste <a href=\"https:\/\/www.lyonmag.com\/profil-personnalite-lyonnaise\/168\/michele-picard\" target=\"_blank\" rel=\"noopener nofollow\">Mich\u00e8le Picard<\/a>.<\/p>\n<p>Sur Facebook, le 1er adjoint Nacer Khamla a choisi non pas de s&rsquo;\u00e9mouvoir du sort de ces enfants abandonn\u00e9s, ou pire, de f\u00e9liciter Farid Ben Moussa, mais plut\u00f4t d&rsquo;accuser l&rsquo;opposant de coup mont\u00e9 : \u00ab\u00a0Bizarre comme par hasard c&rsquo;est lui qui les trouve ? Je pense que quelqu&rsquo;un l&rsquo;a appel\u00e9 pour lui dire que des enfants \u00e9taient seuls \u00e0 la rue\u00a0\u00bb.<\/p>\n<p>Une accusation que d\u00e9plore Farid Ben Moussa, qui r\u00e9agit aupr\u00e8s de LyonMag : \u00ab\u00a0Je suis \u00e9tonn\u00e9 de la r\u00e9action du 1er adjoint de la Ville de V\u00e9nissieux, qui, dans le drame de l&rsquo;abandon de tr\u00e8s jeunes enfants sur sa ville, ne prend que la plume pour faire de la politique. Mon r\u00f4le d&rsquo;opposant politique \u00e0 ses yeux m&#8217;emp\u00eache-t-il d&rsquo;\u00eatre un citoyen engag\u00e9 ? Son complotisme m&rsquo;inqui\u00e8te pour les habitants, surtout qu&rsquo;ils sont multir\u00e9cidivistes avec un conseiller municipal communiste qui pense que les attentats du World Trade Center n&rsquo;existent pas\u00a0\u00bb.<\/p>\n<p>Le parquet de Lyon garde le silence sur l&rsquo;affaire, tandis que la DIPN du Rh\u00f4ne a confirm\u00e9 qu&rsquo;une enqu\u00eate avait \u00e9t\u00e9 ouverte. Selon nos informations, les parents ont \u00e9t\u00e9 identifi\u00e9s. Les investigations se poursuivent \u00e9galement pour tenter de retrouver les adolescentes qui avaient agress\u00e9 les enfants.<\/p>\n","protected":false},"excerpt":{"rendered":"La soeur et son petit fr\u00e8re aux pieds nus avaient \u00e9t\u00e9 d&rsquo;abord r\u00e9cup\u00e9r\u00e9s par le conseiller municipal d&rsquo;opposition\u00a0Farid&hellip;\n","protected":false},"author":2,"featured_media":310511,"comment_status":"","ping_status":"","sticky":false,"template":"","format":"standard","meta":{"footnotes":""},"categories":[1889],"tags":[1111,11,2813,2190,2430,1109,251,1112,2811,1777,674,118,1011,27,1922,1110,1114,2428,2810,12,241,316,25,2812,517,800],"class_list":{"0":"post-310510","1":"post","2":"type-post","3":"status-publish","4":"format-standard","5":"has-post-thumbnail","7":"category-lyon","8":"tag-actu","9":"tag-actualites","10":"tag-article","11":"tag-asvel","12":"tag-auvergne-rhone-alpes","13":"tag-breves","14":"tag-culture","15":"tag-depeches","16":"tag-economique","17":"tag-eu","18":"tag-europe","19":"tag-faits-divers","20":"tag-fr","21":"tag-france","22":"tag-info","23":"tag-informations","24":"tag-infos","25":"tag-lyon","26":"tag-lyonmag","27":"tag-news","28":"tag-ol","29":"tag-politique","30":"tag-republique-francaise","31":"tag-sociale","32":"tag-sport","33":"tag-transports"},"share_on_mastodon":{"url":"https:\/\/pubeurope.com\/@fr\/115007351838032680","error":""},"_links":{"self":[{"href":"https:\/\/www.europesays.com\/fr\/wp-json\/wp\/v2\/posts\/310510","targetHints":{"allow":["GET"]}}],"collection":[{"href":"https:\/\/www.europesays.com\/fr\/wp-json\/wp\/v2\/posts"}],"about":[{"href":"https:\/\/www.europesays.com\/fr\/wp-json\/wp\/v2\/types\/post"}],"author":[{"embeddable":true,"href":"https:\/\/www.europesays.com\/fr\/wp-json\/wp\/v2\/users\/2"}],"replies":[{"embeddable":true,"href":"https:\/\/www.europesays.com\/fr\/wp-json\/wp\/v2\/comments?post=310510"}],"version-history":[{"count":0,"href":"https:\/\/www.europesays.com\/fr\/wp-json\/wp\/v2\/posts\/310510\/revisions"}],"wp:featuredmedia":[{"embeddable":true,"href":"https:\/\/www.europesays.com\/fr\/wp-json\/wp\/v2\/media\/310511"}],"wp:attachment":[{"href":"https:\/\/www.europesays.com\/fr\/wp-json\/wp\/v2\/media?parent=310510"}],"wp:term":[{"taxonomy":"category","embeddable":true,"href":"https:\/\/www.europesays.com\/fr\/wp-json\/wp\/v2\/categories?post=310510"},{"taxonomy":"post_tag","embeddable":true,"href":"https:\/\/www.europesays.com\/fr\/wp-json\/wp\/v2\/tags?post=310510"}],"curies":[{"name":"wp","href":"https:\/\/api.w.org\/{rel}","templated":true}]}}