{"id":310512,"date":"2025-08-11T00:43:15","date_gmt":"2025-08-11T00:43:15","guid":{"rendered":"https:\/\/www.europesays.com\/fr\/310512\/"},"modified":"2025-08-11T00:43:15","modified_gmt":"2025-08-11T00:43:15","slug":"les-eveques-de-france-invitent-a-reconsiderer-la-promotion-dun-pretre-condamne-pour-viol-3","status":"publish","type":"post","link":"https:\/\/www.europesays.com\/fr\/310512\/","title":{"rendered":"les \u00e9v\u00eaques de France invitent \u00e0 \u00ab\u00a0reconsid\u00e9rer\u00a0\u00bb la promotion d&rsquo;un pr\u00eatre condamn\u00e9 pour viol"},"content":{"rendered":"<p class=\"c-chapo \">\n  D\u00e9but juin, l&rsquo;archev\u00eaque de Toulouse Guy de Kerimel a nomm\u00e9 au poste de chancelier le pr\u00eatre Dominique Spina, condamn\u00e9 en 2006 \u00e0 cinq ans de prison dont un avec sursis pour le viol d&rsquo;un lyc\u00e9en de 16 ans en 1993. Cette promotion a provoqu\u00e9 des remous dans l&rsquo;Eglise de France.\n<\/p>\n<p>            lire plus tard<\/p>\n<p id=\"dialog__title\" class=\"dialog__title\">Pour sauvegarder cet article, connectez-vous ou cr\u00e9ez un compte franceinfo<\/p>\n<p class=\"dialog__description\">Sans paiement. Sans abonnement.<\/p>\n<p>        Fermer la fen\u00eatre d\u2019activation des notifications France Info<\/p>\n<p>            cr\u00e9er votre compte<\/p>\n<p>            se connecter<\/p>\n<p>        Fermer la fen\u00eatre de pr\u00e9sentation<\/p>\n<p>    <img loading=\"lazy\" decoding=\"async\" class=\"signature__image lazyload\" width=\"100\" height=\"100\" data- alt=\"\" src=\"https:\/\/www.europesays.com\/fr\/wp-content\/uploads\/2025\/05\/64a68815cd1a7_placeholder-36b69ec8.png\"\/><\/p>\n<p>    Publi\u00e9 le 10\/08\/2025 19:05<\/p>\n<p>        Temps de lecture : 2min<\/p>\n<p>    <img decoding=\"async\"  alt=\"Le cardinal Jean-Marc Aveline, pr\u00e9sident de la Conf\u00e9rence des \u00e9v\u00eaques de France (CEF), le 30 avril 2025, au Vatican. (TIZIANA FABI \/ AFP)\" width=\"432\" height=\"243\" src=\"https:\/\/www.europesays.com\/fr\/wp-content\/uploads\/2025\/08\/000-443r7ly-6898d0f8096bb211452627.jpg\" fetchpriority=\"high\"\/><\/p>\n<p>      Le cardinal Jean-Marc Aveline, pr\u00e9sident de la Conf\u00e9rence des \u00e9v\u00eaques de France (CEF), le 30 avril 2025, au Vatican. (TIZIANA FABI \/ AFP)<\/p>\n<p>\u00ab\u00a0Une telle nomination \u00e0 un poste aussi important, canoniquement et symboliquement, ne peut que raviver des blessures, r\u00e9veiller des soup\u00e7ons et d\u00e9concerter le peuple de Dieu.\u00a0\u00bb C&rsquo;est en ces termes que la pr\u00e9sidence de la Conf\u00e9rence des \u00e9v\u00eaques de France demande \u00e0 l&rsquo;archev\u00eaque de Toulouse de revenir sur sa d\u00e9cision de promouvoir un pr\u00eatre condamn\u00e9 pour viol sur mineur en 2006.<\/p>\n<p>\u00ab\u00a0Nous avons engag\u00e9 un dialogue constructif avec Mgr Guy de Kerimel, archev\u00eaque de Toulouse, l&rsquo;invitant \u00e0 reconsid\u00e9rer la d\u00e9cision qu&rsquo;il avait prise quant \u00e0 la nomination du chancelier de son dioc\u00e8se\u00a0\u00bb, \u00e9crivent-ils, <a href=\"https:\/\/eglise.catholique.fr\/espace-presse\/communiques-de-presse\/communiques-de-presse-conference-des-eveques-de-france\/565728-communique-de-la-presidence-de-la-conference-des-eveques-de-france\/\" target=\"_blank\" rel=\"noopener nofollow\">dans un communiqu\u00e9 auquel franceinfo a eu acc\u00e8s<\/a>, dimanche 10 ao\u00fbt.<\/p>\n<p>Tout commence d\u00e9but juin, lorsque l&rsquo;archev\u00eaque de Toulouse a nomm\u00e9 au poste de chancelier le pr\u00eatre Dominique Spina, condamn\u00e9 en 2006 \u00e0 cinq ans de prison dont un avec sursis pour le viol d&rsquo;un lyc\u00e9en de 16 ans en 1993.\u00a0L&rsquo;archev\u00eaque a alors expliqu\u00e9 avoir \u00ab\u00a0pris le parti de la mis\u00e9ricorde\u00a0\u00bb pour nommer ce pr\u00eatre \u00e0 qui il n&rsquo;a \u00ab\u00a0rien \u00e0 reprocher\u00a0\u00bb dans une \u00ab\u00a0fonction administrative\u00a0\u00bb. Le chancelier a pour r\u00f4le d&rsquo;\u00e9tablir les actes administratifs.<\/p>\n<p>Mais cette d\u00e9cision a suscit\u00e9 l&rsquo;incompr\u00e9hension. En r\u00e9action, plusieurs collectifs de victimes d&rsquo;\u00e9tablissements catholiques, <a href=\"https:\/\/www.franceinfo.fr\/replay-radio\/ils-ont-fait-l-actu\/betharram-le-lanceur-d-alerte-alain-esquerre-deplore-l-absence-de-creation-d-une-structure-ad-hoc-pour-une-meilleure-protection-des-victimes_7355805.html\" rel=\"nofollow noopener\" target=\"_blank\">dont Notre-Dame de B\u00e9tharram<\/a>, ont fait part de leur \u00ab\u00a0col\u00e8re\u00a0\u00bb face \u00e0 une situation \u00ab\u00a0inacceptable\u00a0\u00bb.<\/p>\n<p>\u00ab\u00a0Nous avons appris \u00e0 regarder ces faits d&rsquo;abord du point de vue des personnes qui en ont \u00e9t\u00e9 les victimes et qui en subissent les cons\u00e9quences \u00e0 longueur de vie. Ce d\u00e9placement du regard, l&rsquo;\u00e9coute bouleversante de leur d\u00e9tresse et de leur douleur, l&rsquo;accueil de leur invitation \u00e0 poursuivre humblement avec elles un chemin de v\u00e9rit\u00e9, ont amorc\u00e9, pour notre institution eccl\u00e9siale, un long et exigeant travail de conversion, que nous sommes r\u00e9solus \u00e0 poursuivre\u00a0\u00bb, affirme encore la Conf\u00e9rence des \u00e9v\u00eaques de France (CEF), pr\u00e9sid\u00e9e par le cardinal Jean-Marc Aveline, archev\u00eaque de Marseille.<\/p>\n<p class=\"related-tags__title\" role=\"heading\" aria-level=\"2\">les mots-cl\u00e9s associ\u00e9s \u00e0 cet article\n    <\/p>\n","protected":false},"excerpt":{"rendered":"D\u00e9but juin, l&rsquo;archev\u00eaque de Toulouse Guy de Kerimel a nomm\u00e9 au poste de chancelier le pr\u00eatre Dominique Spina,&hellip;\n","protected":false},"author":2,"featured_media":310513,"comment_status":"","ping_status":"","sticky":false,"template":"","format":"standard","meta":{"footnotes":""},"categories":[1888],"tags":[1111,1928,11,1927,1777,674,1011,27,12,1926,626,1925,25],"class_list":{"0":"post-310512","1":"post","2":"type-post","3":"status-publish","4":"format-standard","5":"has-post-thumbnail","7":"category-paris","8":"tag-actu","9":"tag-actu-paris","10":"tag-actualites","11":"tag-actualites-paris","12":"tag-eu","13":"tag-europe","14":"tag-fr","15":"tag-france","16":"tag-news","17":"tag-news-paris","18":"tag-paris","19":"tag-paris-news","20":"tag-republique-francaise"},"share_on_mastodon":{"url":"https:\/\/pubeurope.com\/@fr\/115007363888054998","error":""},"_links":{"self":[{"href":"https:\/\/www.europesays.com\/fr\/wp-json\/wp\/v2\/posts\/310512","targetHints":{"allow":["GET"]}}],"collection":[{"href":"https:\/\/www.europesays.com\/fr\/wp-json\/wp\/v2\/posts"}],"about":[{"href":"https:\/\/www.europesays.com\/fr\/wp-json\/wp\/v2\/types\/post"}],"author":[{"embeddable":true,"href":"https:\/\/www.europesays.com\/fr\/wp-json\/wp\/v2\/users\/2"}],"replies":[{"embeddable":true,"href":"https:\/\/www.europesays.com\/fr\/wp-json\/wp\/v2\/comments?post=310512"}],"version-history":[{"count":0,"href":"https:\/\/www.europesays.com\/fr\/wp-json\/wp\/v2\/posts\/310512\/revisions"}],"wp:featuredmedia":[{"embeddable":true,"href":"https:\/\/www.europesays.com\/fr\/wp-json\/wp\/v2\/media\/310513"}],"wp:attachment":[{"href":"https:\/\/www.europesays.com\/fr\/wp-json\/wp\/v2\/media?parent=310512"}],"wp:term":[{"taxonomy":"category","embeddable":true,"href":"https:\/\/www.europesays.com\/fr\/wp-json\/wp\/v2\/categories?post=310512"},{"taxonomy":"post_tag","embeddable":true,"href":"https:\/\/www.europesays.com\/fr\/wp-json\/wp\/v2\/tags?post=310512"}],"curies":[{"name":"wp","href":"https:\/\/api.w.org\/{rel}","templated":true}]}}