{"id":310514,"date":"2025-08-11T00:44:22","date_gmt":"2025-08-11T00:44:22","guid":{"rendered":"https:\/\/www.europesays.com\/fr\/310514\/"},"modified":"2025-08-11T00:44:22","modified_gmt":"2025-08-11T00:44:22","slug":"paris-une-reforme-majeure-du-financement-de-lapprentissage","status":"publish","type":"post","link":"https:\/\/www.europesays.com\/fr\/310514\/","title":{"rendered":"PARIS : Une r\u00e9forme majeure du financement de l\u2019apprentissage"},"content":{"rendered":"<p><strong>\u00c0 partir du 1er juillet 2025, le gouvernement engagera une r\u00e9forme majeure du financement de l\u2019apprentissage.<\/strong><br \/>Cette r\u00e9forme vise \u00e0 p\u00e9renniser ce dispositif de formation en alternance tout en assurant une meilleure ma\u00eetrise des finances publiques. Elle ajuste les r\u00e8gles de prise en charge des contrats, recentre les aides et renforce le pilotage de l\u2019offre de formation. Cette initiative s\u2019inscrit dans une volont\u00e9 de garantir l\u2019efficacit\u00e9 du syst\u00e8me tout en r\u00e9pondant aux besoins des entreprises et des jeunes.<\/p>\n<p><strong>Fondements juridiques de la r\u00e9forme<\/strong><\/p>\n<p>La r\u00e9forme de 2025 encadre la red\u00e9finition des niveaux de prise en charge des contrats d\u2019apprentissage. Elle modifie \u00e9galement le r\u00f4le et les responsabilit\u00e9s des OPCO (Op\u00e9rateurs de Comp\u00e9tences) dans le financement des formations en alternance. Cette r\u00e9forme pourrait avoir des impacts significatifs sur l\u2019\u00e9galit\u00e9 d\u2019acc\u00e8s \u00e0 l\u2019apprentissage pour les jeunes issus de milieux d\u00e9favoris\u00e9s.<\/p>\n<p><strong>Impacts sur les aides de l\u2019\u00c9tat<\/strong><\/p>\n<p>La r\u00e9duction ou r\u00e9orientation des aides de l\u2019\u00c9tat aux employeurs soul\u00e8ve des questions quant \u00e0 leur conformit\u00e9 aux obligations l\u00e9gales en mati\u00e8re de soutien \u00e0 l\u2019emploi des jeunes. La r\u00e9forme pr\u00e9voit \u00e9galement des garanties pour assurer la continuit\u00e9 des droits sociaux des apprentis dans le cadre du nouveau financement.<\/p>\n","protected":false},"excerpt":{"rendered":"\u00c0 partir du 1er juillet 2025, le gouvernement engagera une r\u00e9forme majeure du financement de l\u2019apprentissage.Cette r\u00e9forme vise&hellip;\n","protected":false},"author":2,"featured_media":310515,"comment_status":"","ping_status":"","sticky":false,"template":"","format":"standard","meta":{"footnotes":""},"categories":[1888],"tags":[1111,1928,11,1927,1777,674,1011,27,12,1926,626,1925,25],"class_list":{"0":"post-310514","1":"post","2":"type-post","3":"status-publish","4":"format-standard","5":"has-post-thumbnail","7":"category-paris","8":"tag-actu","9":"tag-actu-paris","10":"tag-actualites","11":"tag-actualites-paris","12":"tag-eu","13":"tag-europe","14":"tag-fr","15":"tag-france","16":"tag-news","17":"tag-news-paris","18":"tag-paris","19":"tag-paris-news","20":"tag-republique-francaise"},"share_on_mastodon":{"url":"https:\/\/pubeurope.com\/@fr\/115007367651564557","error":""},"_links":{"self":[{"href":"https:\/\/www.europesays.com\/fr\/wp-json\/wp\/v2\/posts\/310514","targetHints":{"allow":["GET"]}}],"collection":[{"href":"https:\/\/www.europesays.com\/fr\/wp-json\/wp\/v2\/posts"}],"about":[{"href":"https:\/\/www.europesays.com\/fr\/wp-json\/wp\/v2\/types\/post"}],"author":[{"embeddable":true,"href":"https:\/\/www.europesays.com\/fr\/wp-json\/wp\/v2\/users\/2"}],"replies":[{"embeddable":true,"href":"https:\/\/www.europesays.com\/fr\/wp-json\/wp\/v2\/comments?post=310514"}],"version-history":[{"count":0,"href":"https:\/\/www.europesays.com\/fr\/wp-json\/wp\/v2\/posts\/310514\/revisions"}],"wp:featuredmedia":[{"embeddable":true,"href":"https:\/\/www.europesays.com\/fr\/wp-json\/wp\/v2\/media\/310515"}],"wp:attachment":[{"href":"https:\/\/www.europesays.com\/fr\/wp-json\/wp\/v2\/media?parent=310514"}],"wp:term":[{"taxonomy":"category","embeddable":true,"href":"https:\/\/www.europesays.com\/fr\/wp-json\/wp\/v2\/categories?post=310514"},{"taxonomy":"post_tag","embeddable":true,"href":"https:\/\/www.europesays.com\/fr\/wp-json\/wp\/v2\/tags?post=310514"}],"curies":[{"name":"wp","href":"https:\/\/api.w.org\/{rel}","templated":true}]}}