{"id":310520,"date":"2025-08-11T00:47:19","date_gmt":"2025-08-11T00:47:19","guid":{"rendered":"https:\/\/www.europesays.com\/fr\/310520\/"},"modified":"2025-08-11T00:47:19","modified_gmt":"2025-08-11T00:47:19","slug":"plusieurs-morts-dans-des-frappes-nocturnes-entre-lukraine-et-la-russie","status":"publish","type":"post","link":"https:\/\/www.europesays.com\/fr\/310520\/","title":{"rendered":"Plusieurs morts dans des frappes nocturnes entre l&rsquo;Ukraine et la Russie"},"content":{"rendered":"<p>Plusieurs r\u00e9gions d&rsquo;Ukraine ont \u00e9t\u00e9 touch\u00e9es par des drones russes dans la nuit de dimanche \u00e0 lundi, selon les autorit\u00e9s r\u00e9gionales. Au moins une personne a \u00e9t\u00e9 tu\u00e9e dans la r\u00e9gion de Donetsk, apr\u00e8s que deux frappes russes ont touch\u00e9 la ville de Droujkivka dimanche matin. Cinq autres personnes ont \u00e9t\u00e9 bless\u00e9es, <a href=\"https:\/\/dn.npu.gov.ua\/news\/dvoie-vbytykh-i-piatero-poranenykh-rosiia-potsilyla-po-tsyvilnykh-na-donechchyni\" rel=\"nofollow noopener\" target=\"_blank\" data-ylk=\"slk:selon la police locale;elm:context_link;itc:0;sec:content-canvas\" class=\"link \">selon la police locale<\/a>.<\/p>\n<p>La police a indiqu\u00e9 qu&rsquo;au moins cinq maisons et deux v\u00e9hicules avaient \u00e9t\u00e9 endommag\u00e9s lors de ces frappes. Deux personnes ont \u00e9t\u00e9 tu\u00e9es par des frappes de drones russes sur les quartiers d&rsquo;habitation des villages de Stanislav et de Dniprovske dans la r\u00e9gion de Kherson dimanche, <a href=\"https:\/\/t.me\/phogovua\/7268\" rel=\"nofollow noopener\" target=\"_blank\" data-ylk=\"slk:selon le parquet r\u00e9gional;elm:context_link;itc:0;sec:content-canvas\" class=\"link \">selon le parquet r\u00e9gional<\/a>.<\/p>\n<p>Une autre frappe a touch\u00e9 le b\u00e2timent de l&rsquo;administration militaire de Soumy, a d\u00e9clar\u00e9 son chef Oleh Hryhorov dans un <a href=\"https:\/\/www.pravda.com.ua\/news\/2025\/08\/10\/7525470\/\" rel=\"nofollow noopener\" target=\"_blank\" data-ylk=\"slk:message sur Telegram;elm:context_link;itc:0;sec:content-canvas\" class=\"link \">message sur Telegram<\/a>. Aucun bless\u00e9 n&rsquo;a \u00e9t\u00e9 signal\u00e9.<\/p>\n<p>\u00c0 Dnipropetrovsk, plusieurs trains ont \u00e9t\u00e9 annul\u00e9s dimanche apr\u00e8s que les forces russes ont attaqu\u00e9 une gare \u00e0 Synelnykove, selon <a href=\"https:\/\/www.facebook.com\/share\/v\/1AREx8xjfM\/\" rel=\"nofollow noopener\" target=\"_blank\" data-ylk=\"slk:Oleksandr Pertsovskyi, pr\u00e9sident de l&#039;op\u00e9rateur ferroviaire d&#039;\u00c9tat;elm:context_link;itc:0;sec:content-canvas\" class=\"link \">Oleksandr Pertsovskyi, pr\u00e9sident de l&rsquo;op\u00e9rateur ferroviaire d&rsquo;\u00c9tat <\/a><a href=\"https:\/\/www.facebook.com\/share\/v\/1AREx8xjfM\/\" rel=\"nofollow noopener\" target=\"_blank\" data-ylk=\"slk:Ukrzaliznytsia;elm:context_link;itc:0;sec:content-canvas\" class=\"link \">Ukrzaliznytsia<\/a>. En raison des bombardements russes, des annulations ou des retards <a href=\"https:\/\/t.me\/UZprymisky\/642\" rel=\"nofollow noopener\" target=\"_blank\" data-ylk=\"slk:sont \u00e0 pr\u00e9voir;elm:context_link;itc:0;sec:content-canvas\" class=\"link \">sont \u00e0 pr\u00e9voir<\/a> pour certains trains.<\/p>\n<p><a href=\"https:\/\/t.me\/kpszsu\/40178\" rel=\"nofollow noopener\" target=\"_blank\" data-ylk=\"slk:L&#039;arm\u00e9e de l&#039;air ukrainienne a d\u00e9clar\u00e9;elm:context_link;itc:0;sec:content-canvas\" class=\"link \">L&rsquo;arm\u00e9e de l&rsquo;air ukrainienne a d\u00e9clar\u00e9 <\/a>que la Russie avait lanc\u00e9 100 drones au cours de la nuit, dont 70 ont \u00e9t\u00e9 d\u00e9truits par les d\u00e9fenses a\u00e9riennes.<\/p>\n<p>Samedi, deux personnes ont \u00e9t\u00e9 tu\u00e9es et 16 autres bless\u00e9es lorsqu&rsquo;un drone russe a frapp\u00e9 un minibus dans la banlieue de la ville ukrainienne de Kherson, a d\u00e9clar\u00e9 le gouverneur r\u00e9gional Oleksandr Prokudin. Deux autres personnes ont trouv\u00e9 la mort apr\u00e8s qu&rsquo;un drone russe a percut\u00e9 leur voiture dans la r\u00e9gion de Zaporijjia, selon le gouverneur r\u00e9gional Ivan Fedorov.<\/p>\n<p>Par ailleurs, <a href=\"https:\/\/www.facebook.com\/GeneralStaff.ua\/posts\/pfbid02ikFbbFU5KPVFVPpq9VBESuro8ZGMkmxsDbPiDVeHyVm1j8a1WzvgdueR1Kws33tDl\" rel=\"nofollow noopener\" target=\"_blank\" data-ylk=\"slk:l&#039;\u00e9tat-major g\u00e9n\u00e9ral des forces arm\u00e9es ukrainiennes a indiqu\u00e9;elm:context_link;itc:0;sec:content-canvas\" class=\"link \">l&rsquo;\u00e9tat-major g\u00e9n\u00e9ral des forces arm\u00e9es ukrainiennes a indiqu\u00e9 <\/a>que les forces ukrainiennes avaient repris le village de Bezsalivka dans la r\u00e9gion de Soumy, \u00e0 la fronti\u00e8re avec la Russie.<\/p>\n<p><a href=\"https:\/\/suspilne.media\/amp\/sumy\/1060517-zalisalisa-kilka-ludej-aka-situacia-u-bezsalivci-bilopilskoi-gromadi\/\" rel=\"nofollow noopener\" target=\"_blank\" data-ylk=\"slk:Bezsalivka;elm:context_link;itc:0;sec:content-canvas\" class=\"link \">Bezsalivka <\/a>est situ\u00e9 \u00e0 environ 30 kilom\u00e8tres \u00e0 l&rsquo;ouest de la ligne de front de Soumy, o\u00f9 les troupes russes avancent vers la capitale r\u00e9gionale. La Russie continue d&rsquo;avancer plus profond\u00e9ment dans Soumy, plus de deux mois apr\u00e8s avoir ouvert un nouveau front dans le nord-est du pays.<\/p>\n<p><b class=\"c-widget-related__title__text\">Related<\/b><\/p>\n<p>Un drone ukrainien endommage une installation industrielle russe<\/p>\n<p>Une personne a \u00e9t\u00e9 tu\u00e9e dans la r\u00e9gion russe de Saratov apr\u00e8s qu&rsquo;un drone ukrainien a frapp\u00e9 une installation industrielle russe, endommageant \u00e9galement plusieurs appartements dans la r\u00e9gion.<\/p>\n<p>Le canal Telegram ukrainien Exilenova affirme que des drones ont attaqu\u00e9 une raffinerie de p\u00e9trole situ\u00e9e dans le district de Zavodsky, au sud-ouest de Saratov. Le gouverneur r\u00e9gional de Saratov, Roman Busargin, <a href=\"https:\/\/t.me\/busargin_r\/9342\" rel=\"nofollow noopener\" target=\"_blank\" data-ylk=\"slk:a indiqu\u00e9 sur Telegram;elm:context_link;itc:0;sec:content-canvas\" class=\"link \">a indiqu\u00e9 sur Telegram <\/a>que des r\u00e9sidents avaient \u00e9t\u00e9 \u00e9vacu\u00e9s de trois appartements endommag\u00e9s par les d\u00e9bris du drone.<\/p>\n<p>Les m\u00e9dias locaux ont rapport\u00e9 que l&rsquo;attaque des drones ukrainiens avait d\u00e9clench\u00e9 un important incendie et des explosions dans une raffinerie de p\u00e9trole de Saratov.<\/p>\n<p>L&rsquo;\u00e9tat-major g\u00e9n\u00e9ral des forces arm\u00e9es ukrainiennes<a href=\"https:\/\/www.facebook.com\/GeneralStaff.ua\/posts\/pfbid02rKw2mC2iw62DHa7L3F4VyUTjrjLkqoP7d8wJ9u1TDHsM4tM1pLAjSYd8JNVj6A5Tl\" rel=\"nofollow noopener\" target=\"_blank\" data-ylk=\"slk:a confirm\u00e9;elm:context_link;itc:0;sec:content-canvas\" class=\"link \"> a confirm\u00e9<\/a> l&rsquo;attaque nocturne men\u00e9e par des drones ukrainiens contre l&rsquo;usine de raffinage de p\u00e9trole de Saratov en Russie.<\/p>\n<p>La raffinerie de Saratov est l&rsquo;un des principaux sites de l&rsquo;infrastructure p\u00e9troli\u00e8re russe, qui approvisionne les forces d&rsquo;occupation en produits p\u00e9troliers, selon les militaires ukrainiens. Sa capacit\u00e9 de traitement annuelle atteint 7 millions de tonnes de p\u00e9trole.<\/p>\n<p>Selon les donn\u00e9es du minist\u00e8re russe de la D\u00e9fense, les forces de d\u00e9fense a\u00e9rienne ont abattu huit drones au-dessus de la r\u00e9gion de Saratov.<\/p>\n<p>Au total, selon le minist\u00e8re de la D\u00e9fense, les forces de d\u00e9fense a\u00e9rienne ont d\u00e9truit et intercept\u00e9 121 drones ukrainiens au-dessus des r\u00e9gions russes pendant la nuit. Outre les r\u00e9gions limitrophes de l&rsquo;Ukraine, des r\u00e9gions du centre de la Russie ont \u00e9galement \u00e9t\u00e9 attaqu\u00e9es.<\/p>\n<p>Zelensky : \u00ab\u00a0la fin de la guerre doit \u00eatre \u00e9quitable\u00a0\u00bb<\/p>\n<p>Le pr\u00e9sident ukrainien Volodymyr Zelensky a fait part de son soutien \u00e0 la d\u00e9claration commune des dirigeants europ\u00e9ens sur la paix en Ukraine dans un message publi\u00e9 sur les m\u00e9dias sociaux dimanche.<\/p>\n<p>La <a href=\"https:\/\/ec.europa.eu\/commission\/presscorner\/detail\/en\/statement_25_1952\" rel=\"nofollow noopener\" target=\"_blank\" data-ylk=\"slk:d\u00e9claration;elm:context_link;itc:0;sec:content-canvas\" class=\"link \"><strong>d\u00e9claration<\/strong><\/a> de samedi, sign\u00e9e par la cheffe de la Commission europ\u00e9enne et les dirigeants de la France, de l&rsquo;Allemagne, de l&rsquo;Italie, de la Pologne, de la Finlande et du Royaume-Uni, souligne la n\u00e9cessit\u00e9 d&rsquo;une \u00ab\u00a0paix juste et durable\u00a0\u00bb pour Kyiv, y compris des garanties de s\u00e9curit\u00e9 \u00ab\u00a0solides et cr\u00e9dibles\u00a0\u00bb.<\/p>\n<p>\u00ab\u00a0L&rsquo;Ukraine est libre de choisir son propre destin. Des n\u00e9gociations s\u00e9rieuses ne peuvent avoir lieu que dans le contexte d&rsquo;un cessez-le-feu ou d&rsquo;une r\u00e9duction des hostilit\u00e9s\u00a0\u00bb, indique la d\u00e9claration. \u00ab\u00a0La voie vers la paix en Ukraine ne peut \u00eatre d\u00e9cid\u00e9e sans l&rsquo;Ukraine. Nous restons attach\u00e9s au principe selon lequel les fronti\u00e8res internationales ne doivent pas \u00eatre modifi\u00e9es par la force\u00a0\u00bb, ont ajout\u00e9 les Europ\u00e9ens.<\/p>\n<p>Cette d\u00e9claration intervient avant les entretiens pr\u00e9vus entre le pr\u00e9sident russe Vladimir Poutine et le pr\u00e9sident am\u00e9ricain Donald Trump en Alaska vendredi.<\/p>\n<p>La Maison-Blanche avait pr\u00e9c\u00e9demment confirm\u00e9 que Trump \u00e9tait dispos\u00e9 \u00e0 accorder \u00e0 Poutine le t\u00eate-\u00e0-t\u00eate que la Russie r\u00e9clame depuis longtemps. Donald Trump a \u00e9galement sugg\u00e9r\u00e9 qu&rsquo;un accord de paix pourrait inclure \u00ab\u00a0un certain \u00e9change de territoires\u00a0\u00bb, ce qui fait craindre que Kyiv ne soit contraint de c\u00e9der des terres ou d&rsquo;accepter d&rsquo;autres restrictions \u00e0 sa souverainet\u00e9.<\/p>\n<p>Selon les sources de la CNN, Volodymyr Zelensky pourrait se rendre en Alaska \u00e0 la mi-ao\u00fbt, au moment o\u00f9 est pr\u00e9vue la rencontre entre le pr\u00e9sident am\u00e9ricain Donald Trump et le dirigeant russe Vladimir Poutine. Zelensky n&rsquo;est pas officiellement mentionn\u00e9 parmi les participants potentiels aux \u00e9v\u00e9nements du 15 ao\u00fbt. Cependant, la Maison-Blanche n&rsquo;exclut pas sa pr\u00e9sence, ont d\u00e9clar\u00e9 des interlocuteurs de CNN.<\/p>\n<p>Un responsable de l&rsquo;administration am\u00e9ricaine a soulign\u00e9 que toute rencontre avec le pr\u00e9sident Zelensky aurait probablement lieu apr\u00e8s les n\u00e9gociations entre Donald Trump et Vladimir Poutine.<\/p>\n","protected":false},"excerpt":{"rendered":"Plusieurs r\u00e9gions d&rsquo;Ukraine ont \u00e9t\u00e9 touch\u00e9es par des drones russes dans la nuit de dimanche \u00e0 lundi, selon&hellip;\n","protected":false},"author":2,"featured_media":310521,"comment_status":"","ping_status":"","sticky":false,"template":"","format":"standard","meta":{"footnotes":""},"categories":[1591],"tags":[11,1887,2794,12,1885,1886,132],"class_list":{"0":"post-310520","1":"post","2":"type-post","3":"status-publish","4":"format-standard","5":"has-post-thumbnail","7":"category-russie","8":"tag-actualites","9":"tag-federation-de-russie","10":"tag-la-region","11":"tag-news","12":"tag-russia","13":"tag-russian-federation","14":"tag-russie"},"share_on_mastodon":{"url":"https:\/\/pubeurope.com\/@fr\/115007379477999032","error":""},"_links":{"self":[{"href":"https:\/\/www.europesays.com\/fr\/wp-json\/wp\/v2\/posts\/310520","targetHints":{"allow":["GET"]}}],"collection":[{"href":"https:\/\/www.europesays.com\/fr\/wp-json\/wp\/v2\/posts"}],"about":[{"href":"https:\/\/www.europesays.com\/fr\/wp-json\/wp\/v2\/types\/post"}],"author":[{"embeddable":true,"href":"https:\/\/www.europesays.com\/fr\/wp-json\/wp\/v2\/users\/2"}],"replies":[{"embeddable":true,"href":"https:\/\/www.europesays.com\/fr\/wp-json\/wp\/v2\/comments?post=310520"}],"version-history":[{"count":0,"href":"https:\/\/www.europesays.com\/fr\/wp-json\/wp\/v2\/posts\/310520\/revisions"}],"wp:featuredmedia":[{"embeddable":true,"href":"https:\/\/www.europesays.com\/fr\/wp-json\/wp\/v2\/media\/310521"}],"wp:attachment":[{"href":"https:\/\/www.europesays.com\/fr\/wp-json\/wp\/v2\/media?parent=310520"}],"wp:term":[{"taxonomy":"category","embeddable":true,"href":"https:\/\/www.europesays.com\/fr\/wp-json\/wp\/v2\/categories?post=310520"},{"taxonomy":"post_tag","embeddable":true,"href":"https:\/\/www.europesays.com\/fr\/wp-json\/wp\/v2\/tags?post=310520"}],"curies":[{"name":"wp","href":"https:\/\/api.w.org\/{rel}","templated":true}]}}