{"id":310524,"date":"2025-08-11T00:49:15","date_gmt":"2025-08-11T00:49:15","guid":{"rendered":"https:\/\/www.europesays.com\/fr\/310524\/"},"modified":"2025-08-11T00:49:15","modified_gmt":"2025-08-11T00:49:15","slug":"etats-unis-donald-trump-appelle-les-sans-abri-a-quitter-immediatement-washington-actualites","status":"publish","type":"post","link":"https:\/\/www.europesays.com\/fr\/310524\/","title":{"rendered":"\u00c9tats-Unis : Donald Trump appelle les sans-abri \u00e0 quitter \u00ab\u00a0imm\u00e9diatement\u00a0\u00bb Washington : Actualit\u00e9s"},"content":{"rendered":"<p class=\"lead \"><strong>Donald Trump veut \u00e9loigner les sans-abri de Washington, promettant une capitale \u00ab\u00a0plus s\u00fbre et plus belle\u00a0\u00bb en ordonnant un d\u00e9placement massif et imm\u00e9diat de milliers de personnes.<\/strong><\/p>\n<p class=\"lead \">\u00ab\u00a0Les sans-abri doivent partir, IMMEDIATEMENT. Nous vous donnerons des endroits o\u00f9 dormir, mais LOIN de la capitale\u00a0\u00bb, peut-on lire depuis le 10 octobre sur le compte de Donald Trump de sa plateforme Truth Social.<\/p>\n<p class=\"lead \">Le pr\u00e9sident am\u00e9ricain semble vouloir donner une nouvelle image \u00e0 la ville de Washington <a href=\"https:\/\/www.tf1info.fr\/international\/donald-trump-exhorte-les-sans-abri-de-partir-loin-de-washington-2387973.html\" target=\"_blank\" rel=\"nofollow noopener\">d&rsquo;apr\u00e8s des informations de TF1 info<\/a>. Ce projet doit \u00eatre abord\u00e9 dans une conf\u00e9rence de presse lundi 11 ao\u00fbt, promettant officiellement de rendre la capitale am\u00e9ricaine \u00ab\u00a0plus s\u00fbre et plus belle qu&rsquo;elle ne l&rsquo;a jamais \u00e9t\u00e9\u00a0\u00bb.<\/p>\n<p class=\"lead \">Interview\u00e9e <a href=\"https:\/\/www.msnbc.com\/the-weekend\/watch\/-we-are-not-experiencing-spikes-in-crime-dc-s-mayor-refutes-president-trump-s-claims-244670533695\" target=\"_blank\" rel=\"nofollow noopener\">sur la cha\u00eene MSNBC<\/a>, avant les d\u00e9clarations de Donald Trump, la maire d\u00e9mocrate de Washington, Muriel Bowser, a affirm\u00e9 dimanche 10 ao\u00fbt que la conf\u00e9rence de presse du pr\u00e9sident porterait probablement sur \u00ab\u00a0un afflux des forces de l&rsquo;ordre f\u00e9d\u00e9rales\u00a0\u00bb dans la ville.<\/p>\n<p>                                                                                                \u201cTrop de tentes sur les pelouses\u201d de Washington selon Donald Trump<\/p>\n<p class=\"lead \">Donald Trump a d\u2019ailleurs sign\u00e9 fin mars 2025 un d\u00e9cret pour accro\u00eetre la supervision de son gouvernement sur la municipalit\u00e9, notamment en mati\u00e8re de lutte contre l&rsquo;immigration clandestine. Le chef d\u2019\u00c9tat a par ailleurs d\u00e9j\u00e0 d\u00e9plor\u00e9 face \u00e0 la presse la situation de Washington qui recensait en 2024 5 600 sans-abri d&rsquo;apr\u00e8s un rapport annuel du minist\u00e8re du Logement.<\/p>\n<p class=\"lead \">\u00ab\u00a0Il y a trop de crime, de graffitis, trop de tentes (de sans-abri,) sur les pelouses, ces magnifiques pelouses\u00a0\u00bb, affirmait Donald Trump en f\u00e9vrier 2025 selon <a href=\"https:\/\/www.europe1.fr\/international\/trump-soutient-lidee-de-placer-washington-sous-autorite-federale-452056\" target=\"_blank\" rel=\"nofollow noopener\">des informations rapport\u00e9es par Europe 1<\/a>. Le pr\u00e9sident r\u00e9publicain a d\u00e9j\u00e0 insist\u00e9 dans les m\u00e9dias sur l&rsquo;importance de l&rsquo;apparence de la capitale am\u00e9ricaine o\u00f9 viennent r\u00e9guli\u00e8rement de hauts dignitaires \u00e9trangers.<\/p>\n<p class=\"lead \">Comme le <a href=\"https:\/\/www.tf1info.fr\/international\/donald-trump-exhorte-les-sans-abri-de-partir-loin-de-washington-2387973.html\" target=\"_blank\" rel=\"nofollow noopener\">rappelle TF1 info<\/a>, Washington dispose d&rsquo;un statut singulier aux \u00c9tats-Unis. \u00c9tablie apr\u00e8s la guerre d&rsquo;Ind\u00e9pendance en tant que capitale, elle n&rsquo;est rattach\u00e9e \u00e0 aucun \u00c9tat am\u00e9ricain. De plus, la Constitution am\u00e9ricaine pr\u00e9voit que le Congr\u00e8s ait comp\u00e9tence sur ses affaires. Depuis une loi de 1973, les habitants sont n\u00e9anmoins en mesure d&rsquo;\u00e9lire un conseil municipal, m\u00eame si ses d\u00e9cisions sont toujours supervis\u00e9es par le Congr\u00e8s.<\/p>\n<p class=\"small font-weight-bold text-gray3 \"> publi\u00e9 le 10 ao\u00fbt \u00e0 22h50, Axel Juin, 6M\u00e9dias<\/p>\n<p>                             Partager<\/p>\n","protected":false},"excerpt":{"rendered":"Donald Trump veut \u00e9loigner les sans-abri de Washington, promettant une capitale \u00ab\u00a0plus s\u00fbre et plus belle\u00a0\u00bb en ordonnant&hellip;\n","protected":false},"author":2,"featured_media":310525,"comment_status":"","ping_status":"","sticky":false,"template":"","format":"standard","meta":{"footnotes":""},"categories":[1589],"tags":[11,73,1866,12,1864,1865,1863,308],"class_list":{"0":"post-310524","1":"post","2":"type-post","3":"status-publish","4":"format-standard","5":"has-post-thumbnail","7":"category-etats-unis","8":"tag-actualites","9":"tag-etats-unis","10":"tag-etats-unis-damerique","11":"tag-news","12":"tag-united-states","13":"tag-united-states-of-america","14":"tag-us","15":"tag-usa"},"share_on_mastodon":{"url":"https:\/\/pubeurope.com\/@fr\/115007387282059768","error":""},"_links":{"self":[{"href":"https:\/\/www.europesays.com\/fr\/wp-json\/wp\/v2\/posts\/310524","targetHints":{"allow":["GET"]}}],"collection":[{"href":"https:\/\/www.europesays.com\/fr\/wp-json\/wp\/v2\/posts"}],"about":[{"href":"https:\/\/www.europesays.com\/fr\/wp-json\/wp\/v2\/types\/post"}],"author":[{"embeddable":true,"href":"https:\/\/www.europesays.com\/fr\/wp-json\/wp\/v2\/users\/2"}],"replies":[{"embeddable":true,"href":"https:\/\/www.europesays.com\/fr\/wp-json\/wp\/v2\/comments?post=310524"}],"version-history":[{"count":0,"href":"https:\/\/www.europesays.com\/fr\/wp-json\/wp\/v2\/posts\/310524\/revisions"}],"wp:featuredmedia":[{"embeddable":true,"href":"https:\/\/www.europesays.com\/fr\/wp-json\/wp\/v2\/media\/310525"}],"wp:attachment":[{"href":"https:\/\/www.europesays.com\/fr\/wp-json\/wp\/v2\/media?parent=310524"}],"wp:term":[{"taxonomy":"category","embeddable":true,"href":"https:\/\/www.europesays.com\/fr\/wp-json\/wp\/v2\/categories?post=310524"},{"taxonomy":"post_tag","embeddable":true,"href":"https:\/\/www.europesays.com\/fr\/wp-json\/wp\/v2\/tags?post=310524"}],"curies":[{"name":"wp","href":"https:\/\/api.w.org\/{rel}","templated":true}]}}