{"id":310528,"date":"2025-08-11T00:51:13","date_gmt":"2025-08-11T00:51:13","guid":{"rendered":"https:\/\/www.europesays.com\/fr\/310528\/"},"modified":"2025-08-11T00:51:13","modified_gmt":"2025-08-11T00:51:13","slug":"merz-lallemagne-soutient-israel-mais-refuse-de-soutenir-la-prise-de-controle-de-gaza","status":"publish","type":"post","link":"https:\/\/www.europesays.com\/fr\/310528\/","title":{"rendered":"Merz : L\u2019Allemagne Soutient Isra\u00ebl Mais Refuse De Soutenir La Prise De Contr\u00f4le De Gaza"},"content":{"rendered":"<p class=\"\" data-is=\"component-paragraph\">Le chancelier allemand Friedrich Merz a affirm\u00e9, dans un entretien \u00e0 la cha\u00eene publique ARD, que le soutien de l\u2019Allemagne \u00e0 Isra\u00ebl demeure inchang\u00e9, mais qu\u2019il ne peut cautionner l\u2019extension des op\u00e9rations militaires isra\u00e9liennes visant \u00e0 prendre le contr\u00f4le de Gaza.<\/p>\n<p class=\"\" data-is=\"component-paragraph\">Merz a expliqu\u00e9 que la d\u00e9cision de Berlin de limiter ses exportations d\u2019armes vers Isra\u00ebl d\u00e9coule de cette offensive pr\u00e9vue. \u00ab Nous ne pouvons pas livrer d\u2019armes dans un conflit d\u00e9sormais men\u00e9 exclusivement par des moyens militaires. Nous voulons aider par la diplomatie, et nous le faisons \u00bb, a-t-il d\u00e9clar\u00e9.<\/p>\n<p class=\"\" data-is=\"component-paragraph\">Selon lui, une telle op\u00e9ration risquerait de provoquer la mort de centaines de milliers de civils et n\u00e9cessiterait l\u2019\u00e9vacuation compl\u00e8te de Gaza-Ville. \u00ab O\u00f9 ces gens sont-ils cens\u00e9s aller ? Nous ne pouvons pas faire cela, nous ne le ferons pas, et je ne le ferai pas \u00bb, a-t-il insist\u00e9.\u00a0Merz a toutefois tenu \u00e0 rappeler que les principes de la politique allemande envers Isra\u00ebl n\u2019ont pas chang\u00e9. \u00ab L\u2019Allemagne est aux c\u00f4t\u00e9s d\u2019Isra\u00ebl depuis 80 ans. Cela ne changera pas \u00bb, a-t-il conclu.<\/p>\n","protected":false},"excerpt":{"rendered":"Le chancelier allemand Friedrich Merz a affirm\u00e9, dans un entretien \u00e0 la cha\u00eene publique ARD, que le soutien&hellip;\n","protected":false},"author":2,"featured_media":101151,"comment_status":"","ping_status":"","sticky":false,"template":"","format":"standard","meta":{"footnotes":""},"categories":[1587],"tags":[11,672,1804,1805,1803,1777,674,1801,12,1802],"class_list":{"0":"post-310528","1":"post","2":"type-post","3":"status-publish","4":"format-standard","5":"has-post-thumbnail","7":"category-allemagne","8":"tag-actualites","9":"tag-allemagne","10":"tag-bundesrepublik-deutschland","11":"tag-de","12":"tag-deutschland","13":"tag-eu","14":"tag-europe","15":"tag-germany","16":"tag-news","17":"tag-republique-federale-dallemagne"},"share_on_mastodon":{"url":"https:\/\/pubeurope.com\/@fr\/115007395183569291","error":""},"_links":{"self":[{"href":"https:\/\/www.europesays.com\/fr\/wp-json\/wp\/v2\/posts\/310528","targetHints":{"allow":["GET"]}}],"collection":[{"href":"https:\/\/www.europesays.com\/fr\/wp-json\/wp\/v2\/posts"}],"about":[{"href":"https:\/\/www.europesays.com\/fr\/wp-json\/wp\/v2\/types\/post"}],"author":[{"embeddable":true,"href":"https:\/\/www.europesays.com\/fr\/wp-json\/wp\/v2\/users\/2"}],"replies":[{"embeddable":true,"href":"https:\/\/www.europesays.com\/fr\/wp-json\/wp\/v2\/comments?post=310528"}],"version-history":[{"count":0,"href":"https:\/\/www.europesays.com\/fr\/wp-json\/wp\/v2\/posts\/310528\/revisions"}],"wp:featuredmedia":[{"embeddable":true,"href":"https:\/\/www.europesays.com\/fr\/wp-json\/wp\/v2\/media\/101151"}],"wp:attachment":[{"href":"https:\/\/www.europesays.com\/fr\/wp-json\/wp\/v2\/media?parent=310528"}],"wp:term":[{"taxonomy":"category","embeddable":true,"href":"https:\/\/www.europesays.com\/fr\/wp-json\/wp\/v2\/categories?post=310528"},{"taxonomy":"post_tag","embeddable":true,"href":"https:\/\/www.europesays.com\/fr\/wp-json\/wp\/v2\/tags?post=310528"}],"curies":[{"name":"wp","href":"https:\/\/api.w.org\/{rel}","templated":true}]}}